{"id":218678,"date":"2023-10-13T09:49:18","date_gmt":"2023-10-13T12:49:18","guid":{"rendered":"https:\/\/diarioregionaldigital.com.br\/?p=218678"},"modified":"2023-10-13T09:49:18","modified_gmt":"2023-10-13T12:49:18","slug":"governo-de-minas-concede-progressoes-e-promocoes-nas-carreiras-de-servidores-efetivos-da-educacao","status":"publish","type":"post","link":"https:\/\/diarioregionaldigital.com.br\/?p=218678","title":{"rendered":"Governo de Minas concede progress\u00f5es e promo\u00e7\u00f5es nas carreiras de servidores efetivos da Educa\u00e7\u00e3o"},"content":{"rendered":"<p><span style=\"font-weight: 400;\"><br \/>\n<\/span><span style=\"font-weight: 400;\">A\u00a0<a href=\"https:\/\/www.educacao.mg.gov.br\/\" target=\"_blank\" rel=\"noopener\">Secretaria de Estado de Educa\u00e7\u00e3o de Minas Gerais (SEE\/MG)<\/a>\u00a0publicou a lista dos contemplados com as progress\u00f5es e promo\u00e7\u00f5es da carreira disponibilizada na edi\u00e7\u00e3o do\u00a0<a href=\"https:\/\/www.jornalminasgerais.mg.gov.br\/index.php?dataJornal=2023-10-12\" target=\"_blank\" rel=\"noopener\">Di\u00e1rio Oficial de Minas Gerais<\/a>\u00a0desta quinta-feira (12\/10), a partir da p\u00e1gina 22. Os interessados tamb\u00e9m podem consultar o documento\u00a0<a href=\"https:\/\/www.educacao.mg.gov.br\/evolucao-na-carreira\/\" target=\"_blank\" rel=\"noopener\">neste site<\/a>.<\/p>\n<p>Nesta publica\u00e7\u00e3o, s\u00e3o 2.809 concess\u00f5es para evolu\u00e7\u00e3o na carreira, sendo\u00a0 1.853 de progress\u00e3o e 956 de promo\u00e7\u00e3o. Com este ato, a remunera\u00e7\u00e3o do servidor ter\u00e1 um acr\u00e9scimo 2,5% para progress\u00e3o e 10% para promo\u00e7\u00e3o, respectivamente.<\/p>\n<p>O objetivo da iniciativa \u00e9 reconhecer e valorizar os profissionais que atuam na educa\u00e7\u00e3o p\u00fablica estadual. S\u00e3o servidores efetivos que cumpriram os requisitos legais para terem evolu\u00e7\u00e3o na carreira (progress\u00e3o e\/ou promo\u00e7\u00e3o).<\/p>\n<p>O reflexo das progress\u00f5es e promo\u00e7\u00f5es concedidas ser\u00e1 percebido pelos servidores a partir de novembro (folha 10\/2023).<\/p>\n<p>Esta ser\u00e1 a nona publica\u00e7\u00e3o de concess\u00f5es de progress\u00e3o e a oitava de concess\u00f5es de promo\u00e7\u00e3o de 2023.<\/p>\n<p><strong>Balan\u00e7o<\/strong><\/p>\n<p>Desde o in\u00edcio da gest\u00e3o do governador Romeu Zema, foram concedidas quase 260 mil concess\u00f5es de progress\u00e3o e promo\u00e7\u00e3o da carreira dos servidores da educa\u00e7\u00e3o, al\u00e9m de revis\u00f5es de subs\u00eddios e outros benef\u00edcios da categoria.<\/p>\n<p>Outra conquista importante, que tamb\u00e9m se estendeu a todos os servidores da administra\u00e7\u00e3o estadual, foi o reajuste de 12,84%, concedido pela Lei Estadual n\u00ba 24.383\/2023, com efeitos retroativos a janeiro\/2023.<\/p>\n<p>Essas a\u00e7\u00f5es fazem parte das metas da atual gest\u00e3o que trabalha com efici\u00eancia, fazendo mais com menos, arrumando a casa com planejamento e transpar\u00eancia.<\/p>\n<p><strong>Plano de carreira<\/strong><\/p>\n<p>O Plano das Carreiras dos Profissionais de Educa\u00e7\u00e3o B\u00e1sica foi estabelecido pela Lei n\u00b0 15.293\/2004. Ele define a evolu\u00e7\u00e3o nas carreiras dos servidores efetivos da Secretaria de Estado de Educa\u00e7\u00e3o por meio de progress\u00f5es e promo\u00e7\u00f5es.<\/p>\n<p>As progress\u00f5es s\u00e3o horizontais, com mudan\u00e7as de grau na carreira, e os crit\u00e9rios para concess\u00e3o s\u00e3o estar em efetivo exerc\u00edcio, ter cumprido o interst\u00edcio de dois anos de efetivo exerc\u00edcio no mesmo grau e ter recebido duas avalia\u00e7\u00f5es de desempenho individual satisfat\u00f3rias desde a sua progress\u00e3o anterior (70% ou mais).<\/p>\n<p>J\u00e1 as promo\u00e7\u00f5es s\u00e3o verticais, com mudan\u00e7as de n\u00edvel na carreira, e os crit\u00e9rios para concess\u00e3o s\u00e3o estar em efetivo do exerc\u00edcio, ter cumprido o interst\u00edcio de cinco anos de efetivo exerc\u00edcio no mesmo n\u00edvel, ter recebido cinco avalia\u00e7\u00f5es de desempenho individual satisfat\u00f3rias desde a sua progress\u00e3o anterior (70% ou mais) e possuir a escolaridade m\u00ednima exigida para o n\u00edvel imediatamente superior.<\/p>\n<p>Para que a evolu\u00e7\u00e3o na carreira ocorra, os dados do servidor no Sistema de Administra\u00e7\u00e3o de Pessoal (Sisap) devem estar sempre atualizados. Essa atualiza\u00e7\u00e3o cabe \u00e0s Superintend\u00eancias Regionais de Ensino (SREs).<\/p>\n<p>Fonte: Ag\u00eancia Minas <\/span><\/p>\n","protected":false},"excerpt":{"rendered":"<p>A\u00a0Secretaria de Estado de Educa\u00e7\u00e3o de Minas Gerais (SEE\/MG)\u00a0publicou a lista dos contemplados com as progress\u00f5es e promo\u00e7\u00f5es da carreira disponibilizada na edi\u00e7\u00e3o do\u00a0Di\u00e1rio Oficial de Minas Gerais\u00a0desta quinta-feira (12\/10), a partir da p\u00e1gina 22. Os interessados tamb\u00e9m podem consultar o documento\u00a0neste site. Nesta publica\u00e7\u00e3o, s\u00e3o 2.809 concess\u00f5es para evolu\u00e7\u00e3o na carreira, sendo\u00a0 1.853 de [&hellip;]<\/p>\n","protected":false},"author":246,"featured_media":218679,"comment_status":"closed","ping_status":"closed","sticky":false,"template":"","format":"standard","meta":{"footnotes":""},"categories":[436,254,439],"tags":[],"class_list":["post-218678","post","type-post","status-publish","format-standard","has-post-thumbnail","hentry","category-destaque-da-semana","category-politica","category-ultima-hora"],"_links":{"self":[{"href":"https:\/\/diarioregionaldigital.com.br\/index.php?rest_route=\/wp\/v2\/posts\/218678","targetHints":{"allow":["GET"]}}],"collection":[{"href":"https:\/\/diarioregionaldigital.com.br\/index.php?rest_route=\/wp\/v2\/posts"}],"about":[{"href":"https:\/\/diarioregionaldigital.com.br\/index.php?rest_route=\/wp\/v2\/types\/post"}],"author":[{"embeddable":true,"href":"https:\/\/diarioregionaldigital.com.br\/index.php?rest_route=\/wp\/v2\/users\/246"}],"replies":[{"embeddable":true,"href":"https:\/\/diarioregionaldigital.com.br\/index.php?rest_route=%2Fwp%2Fv2%2Fcomments&post=218678"}],"version-history":[{"count":1,"href":"https:\/\/diarioregionaldigital.com.br\/index.php?rest_route=\/wp\/v2\/posts\/218678\/revisions"}],"predecessor-version":[{"id":218680,"href":"https:\/\/diarioregionaldigital.com.br\/index.php?rest_route=\/wp\/v2\/posts\/218678\/revisions\/218680"}],"wp:featuredmedia":[{"embeddable":true,"href":"https:\/\/diarioregionaldigital.com.br\/index.php?rest_route=\/wp\/v2\/media\/218679"}],"wp:attachment":[{"href":"https:\/\/diarioregionaldigital.com.br\/index.php?rest_route=%2Fwp%2Fv2%2Fmedia&parent=218678"}],"wp:term":[{"taxonomy":"category","embeddable":true,"href":"https:\/\/diarioregionaldigital.com.br\/index.php?rest_route=%2Fwp%2Fv2%2Fcategories&post=218678"},{"taxonomy":"post_tag","embeddable":true,"href":"https:\/\/diarioregionaldigital.com.br\/index.php?rest_route=%2Fwp%2Fv2%2Ftags&post=218678"}],"curies":[{"name":"wp","href":"https:\/\/api.w.org\/{rel}","templated":true}]}}