{"id":218657,"date":"2023-10-11T20:34:54","date_gmt":"2023-10-11T23:34:54","guid":{"rendered":"https:\/\/diarioregionaldigital.com.br\/?p=218657"},"modified":"2023-10-24T00:29:03","modified_gmt":"2023-10-24T03:29:03","slug":"pcmg-prende-suspeito-de-descumprir-medida-protetiva-em-juiz-de-fora","status":"publish","type":"post","link":"https:\/\/diarioregionaldigital.com.br\/?p=218657","title":{"rendered":"PCMG prende suspeito de descumprir medida protetiva em Juiz de Fora"},"content":{"rendered":"<p>Um homem, de 25 anos, foi preso pela Pol\u00edcia Civil de Minas Gerais (PCMG), por descumprimento de medida protetiva de urg\u00eancia em Juiz de Fora, na Zona da Mata, nesta \u00faltima segunda-feira (9\/10).<br \/>\nO suspeito, que j\u00e1 havia sido preso em mar\u00e7o deste ano e usava tornozeleira eletr\u00f4nica, foi localizado em casa, no bairro S\u00e3o Mateus. Os policiais da Delegacia Especializada de Atendimento \u00e0 Mulher (Deam) cumpriram o mandado de pris\u00e3o preventiva ap\u00f3s a ex-companheira, de 41 anos, denunciar as viola\u00e7\u00f5es da ordem de afastamento.<br \/>\nA delegada titular da Deam em Juiz de Fora, Alessandra Azalim, explica que descumprir medida protetiva \u00e9 crime, e deve ser denunciado. &#8220;As mulheres devem registrar todo descumprimento, com isso podemos representar ao Judici\u00e1rio a pris\u00e3o preventiva do agressor&#8221;, esclarece.<\/p>\n<p>No Dia Nacional de Luta Contra a Viol\u00eancia \u00e0 Mulher,\u00a0 10 de outubro, a PCMG tamb\u00e9m divulga\u00a0 o levantamento de registros de viol\u00eancia dom\u00e9stica na cidade. A data est\u00e1 relacionada com um protesto feito por mulheres em 1980 contra o aumento dos crimes de g\u00eanero e tem como principal objetivo estimular a reflex\u00e3o sobre o tema.Em Juiz de Fora, o enfrentamento da viol\u00eancia dom\u00e9stica e familiar contra a mulher pela Pol\u00edcia Civil apresenta dados estat\u00edsticos de 2023 basicamente est\u00e1veis em rela\u00e7\u00e3o ao ano anterior.<br \/>\nDe janeiro a agosto deste ano, 3.133 mulheres registraram algum tipo de viol\u00eancia no munic\u00edpio. Em 2022, foram 2.983 no mesmo per\u00edodo, pouco mais de 4% de aumento. Em Minas Gerais, o acr\u00e9scimo foi de 6,3%.Segundo a delegada Alessandra Azalim, o aumento pode refletir uma maior confian\u00e7a das mulheres em denunciar os casos de viol\u00eancia: &#8220;percebemos que as mulheres est\u00e3o mais confiantes e seguras ao procurar pela pol\u00edcia, est\u00e3o mais informadas sobre seus direitos, inclusive sobre as mudan\u00e7as na legisla\u00e7\u00e3o, que criminalizou expressamente a viol\u00eancia psicol\u00f3gica&#8221;.<\/p>\n","protected":false},"excerpt":{"rendered":"<p>Um homem, de 25 anos, foi preso pela Pol\u00edcia Civil de Minas Gerais (PCMG), por descumprimento de medida protetiva de urg\u00eancia em Juiz de Fora, na Zona da Mata, nesta \u00faltima segunda-feira (9\/10). O suspeito, que j\u00e1 havia sido preso em mar\u00e7o deste ano e usava tornozeleira eletr\u00f4nica, foi localizado em casa, no bairro S\u00e3o [&hellip;]<\/p>\n","protected":false},"author":246,"featured_media":218658,"comment_status":"closed","ping_status":"closed","sticky":false,"template":"","format":"standard","meta":{"footnotes":""},"categories":[301,436,439],"tags":[],"class_list":["post-218657","post","type-post","status-publish","format-standard","has-post-thumbnail","hentry","category-artigos-policiais","category-destaque-da-semana","category-ultima-hora"],"_links":{"self":[{"href":"https:\/\/diarioregionaldigital.com.br\/index.php?rest_route=\/wp\/v2\/posts\/218657","targetHints":{"allow":["GET"]}}],"collection":[{"href":"https:\/\/diarioregionaldigital.com.br\/index.php?rest_route=\/wp\/v2\/posts"}],"about":[{"href":"https:\/\/diarioregionaldigital.com.br\/index.php?rest_route=\/wp\/v2\/types\/post"}],"author":[{"embeddable":true,"href":"https:\/\/diarioregionaldigital.com.br\/index.php?rest_route=\/wp\/v2\/users\/246"}],"replies":[{"embeddable":true,"href":"https:\/\/diarioregionaldigital.com.br\/index.php?rest_route=%2Fwp%2Fv2%2Fcomments&post=218657"}],"version-history":[{"count":2,"href":"https:\/\/diarioregionaldigital.com.br\/index.php?rest_route=\/wp\/v2\/posts\/218657\/revisions"}],"predecessor-version":[{"id":218905,"href":"https:\/\/diarioregionaldigital.com.br\/index.php?rest_route=\/wp\/v2\/posts\/218657\/revisions\/218905"}],"wp:featuredmedia":[{"embeddable":true,"href":"https:\/\/diarioregionaldigital.com.br\/index.php?rest_route=\/wp\/v2\/media\/218658"}],"wp:attachment":[{"href":"https:\/\/diarioregionaldigital.com.br\/index.php?rest_route=%2Fwp%2Fv2%2Fmedia&parent=218657"}],"wp:term":[{"taxonomy":"category","embeddable":true,"href":"https:\/\/diarioregionaldigital.com.br\/index.php?rest_route=%2Fwp%2Fv2%2Fcategories&post=218657"},{"taxonomy":"post_tag","embeddable":true,"href":"https:\/\/diarioregionaldigital.com.br\/index.php?rest_route=%2Fwp%2Fv2%2Ftags&post=218657"}],"curies":[{"name":"wp","href":"https:\/\/api.w.org\/{rel}","templated":true}]}}