{"id":218654,"date":"2023-10-11T20:22:20","date_gmt":"2023-10-11T23:22:20","guid":{"rendered":"https:\/\/diarioregionaldigital.com.br\/?p=218654"},"modified":"2023-10-11T20:22:20","modified_gmt":"2023-10-11T23:22:20","slug":"servidoras-da-jfprev-participam-do-forum-interinstitucional-previdenciario-em-regime-proprio-de-previdencia-social","status":"publish","type":"post","link":"https:\/\/diarioregionaldigital.com.br\/?p=218654","title":{"rendered":"Servidoras da JFPrev participam do F\u00f3rum Interinstitucional Previdenci\u00e1rio em Regime Pr\u00f3prio de Previd\u00eancia Social"},"content":{"rendered":"<p>Segundo informa\u00e7\u00f5es do site da Prefeitura de Juiz de Fora (PJF), n<span style=\"color: #333333; font-size: 16px;\">os dias 9 e 10, ocorreu a 4\u00aa Reuni\u00e3o do F\u00f3rum Interinstitucional Previdenci\u00e1rio em Regime Pr\u00f3prio de Previd\u00eancia Social em Belo Horizonte. O evento foi organizado pela Comiss\u00e3o de Direito Previdenci\u00e1rio do Conselho Regional OAB-MG. A gerente Paula Renata Alves Freitas Soares e a supervisora Elisana da Silva Marques, ambas servidoras do Departamento de Benef\u00edcios Previdenci\u00e1rios da JFPrev, representaram o RPPS do Mun\u00edcipio.\u00a0<\/span><\/p>\n<div id=\"box_texto_noticia\">\n<div><\/div>\n<div>Durante os dois dias de encontro, foram discutidos os aspectos gerais da compensa\u00e7\u00e3o financeira previdenci\u00e1ria e legisla\u00e7\u00f5es espec\u00edficas relacionadas \u00e0s pr\u00e1ticas de concess\u00e3o de benef\u00edcios previdenci\u00e1rios. Em paralelo, foi realizada a capacita\u00e7\u00e3o referente as novas funcionalidades do sistema Comprev, sistema no qual s\u00e3o realizados os pedidos de compensa\u00e7\u00e3o previdenci\u00e1ria do Regimes Pr\u00f3prios de Previd\u00eancia Social no Brasil.<\/div>\n<div><\/div>\n<div>Para a gerente Paula Renata, &#8220;os dois dias do evento promoveram, ao mesmo tempo, a dissemina\u00e7\u00e3o de informa\u00e7\u00f5es essenciais sobre a Previd\u00eancia Social e um debate de casos concretos da realidade enfrentada pelos servidores que atuam na \u00e1rea. Assim, os participantes tiveram a oportunidade de adquirir conhecimentos de qualidade e conhecer a realidade dos RPPS do nosso Estado.&#8221;<\/div>\n<\/div>\n<p>&nbsp;<\/p>\n<div id=\"box_compartilhar\" align=\"right\"><\/div>\n","protected":false},"excerpt":{"rendered":"<p>Segundo informa\u00e7\u00f5es do site da Prefeitura de Juiz de Fora (PJF), nos dias 9 e 10, ocorreu a 4\u00aa Reuni\u00e3o do F\u00f3rum Interinstitucional Previdenci\u00e1rio em Regime Pr\u00f3prio de Previd\u00eancia Social em Belo Horizonte. O evento foi organizado pela Comiss\u00e3o de Direito Previdenci\u00e1rio do Conselho Regional OAB-MG. A gerente Paula Renata Alves Freitas Soares e a [&hellip;]<\/p>\n","protected":false},"author":246,"featured_media":218655,"comment_status":"closed","ping_status":"closed","sticky":false,"template":"","format":"standard","meta":{"footnotes":""},"categories":[253,436,439],"tags":[],"class_list":["post-218654","post","type-post","status-publish","format-standard","has-post-thumbnail","hentry","category-cidade","category-destaque-da-semana","category-ultima-hora"],"_links":{"self":[{"href":"https:\/\/diarioregionaldigital.com.br\/index.php?rest_route=\/wp\/v2\/posts\/218654","targetHints":{"allow":["GET"]}}],"collection":[{"href":"https:\/\/diarioregionaldigital.com.br\/index.php?rest_route=\/wp\/v2\/posts"}],"about":[{"href":"https:\/\/diarioregionaldigital.com.br\/index.php?rest_route=\/wp\/v2\/types\/post"}],"author":[{"embeddable":true,"href":"https:\/\/diarioregionaldigital.com.br\/index.php?rest_route=\/wp\/v2\/users\/246"}],"replies":[{"embeddable":true,"href":"https:\/\/diarioregionaldigital.com.br\/index.php?rest_route=%2Fwp%2Fv2%2Fcomments&post=218654"}],"version-history":[{"count":1,"href":"https:\/\/diarioregionaldigital.com.br\/index.php?rest_route=\/wp\/v2\/posts\/218654\/revisions"}],"predecessor-version":[{"id":218656,"href":"https:\/\/diarioregionaldigital.com.br\/index.php?rest_route=\/wp\/v2\/posts\/218654\/revisions\/218656"}],"wp:featuredmedia":[{"embeddable":true,"href":"https:\/\/diarioregionaldigital.com.br\/index.php?rest_route=\/wp\/v2\/media\/218655"}],"wp:attachment":[{"href":"https:\/\/diarioregionaldigital.com.br\/index.php?rest_route=%2Fwp%2Fv2%2Fmedia&parent=218654"}],"wp:term":[{"taxonomy":"category","embeddable":true,"href":"https:\/\/diarioregionaldigital.com.br\/index.php?rest_route=%2Fwp%2Fv2%2Fcategories&post=218654"},{"taxonomy":"post_tag","embeddable":true,"href":"https:\/\/diarioregionaldigital.com.br\/index.php?rest_route=%2Fwp%2Fv2%2Ftags&post=218654"}],"curies":[{"name":"wp","href":"https:\/\/api.w.org\/{rel}","templated":true}]}}