{"id":218639,"date":"2023-10-11T19:57:11","date_gmt":"2023-10-11T22:57:11","guid":{"rendered":"https:\/\/diarioregionaldigital.com.br\/?p=218639"},"modified":"2023-10-11T19:57:11","modified_gmt":"2023-10-11T22:57:11","slug":"zanin-pede-informacao-sobre-aumento-de-300-em-salario-de-governador","status":"publish","type":"post","link":"https:\/\/diarioregionaldigital.com.br\/?p=218639","title":{"rendered":"Zanin pede informa\u00e7\u00e3o sobre aumento de 300% em sal\u00e1rio de governador"},"content":{"rendered":"<p>O ministro Cristiano Zanin, do Supremo Tribunal Federal (STF), pediu esclarecimentos sobre a lei estadual que prev\u00ea aumento de 300% nos sal\u00e1rios do governador Romeu Zema e dos secret\u00e1rios estaduais.\u00a0O despacho foi assinado na segunda-feira (9) e divulgado nesta quarta-feira (11).\u00a0<img decoding=\"async\" src=\"https:\/\/agenciabrasil.ebc.com.br\/ebc.png?id=1560389&amp;o=node\" \/><img decoding=\"async\" src=\"https:\/\/agenciabrasil.ebc.com.br\/ebc.gif?id=1560389&amp;o=node\" \/><\/p>\n<p>Pela decis\u00e3o do ministro, Zema e a Assembleia de Minas dever\u00e3o se manifestar sobre a aprova\u00e7\u00e3o do projeto de Lei 24.314\/2023, norma que fixou aumento nos sal\u00e1rios a partir de abril deste ano.<\/p>\n<p>A medida foi tomada para subsidiar o julgamento da a\u00e7\u00e3o na qual a Confedera\u00e7\u00e3o das Carreiras T\u00edpicas de Estado (Conacate) contesta a legalidade do aumento.<\/p>\n<p>Segundo a Conacate, a nova lei alterou uma norma de 2007 para aumentar o sal\u00e1rio do governador de Minas de R$ 10,5 mil para\u00a0R$ 37, 5 mil, em abril deste ano. A norma tamb\u00e9m prev\u00ea que o sal\u00e1rio de Zema passar\u00e1 para R$ 41,8 mil at\u00e9 2025.<\/p>\n<p>No caso dos secret\u00e1rios do estado, os sal\u00e1rios passar\u00e3o de R$ 10 mil para R$ 34,7 mil at\u00e9 2025.<\/p>\n<p>Para a entidade, o aumento representa acr\u00e9scimo de R$ 407 mil nas despesas p\u00fablicas, apenas em rela\u00e7\u00e3o ao sal\u00e1rio do governador.<\/p>\n<p>\u201cLevando-se em considera\u00e7\u00e3o o ano de 2025, ano final da majora\u00e7\u00e3o do subs\u00eddio, a diferen\u00e7a se torna ainda mais alarmante. Haver\u00e1 um aumento percentual de\u00a0398,52%\u00a0com rela\u00e7\u00e3o ao subs\u00eddio da lei anterior, gerando um aumento de despesa de\u00a0R$407,4 mil\u201d, afirma a entidade.<\/p>\n<p>A Conacate tamb\u00e9m citou no processo que Minas Gerais est\u00e1 em processo de recupera\u00e7\u00e3o fiscal com o governo federal e tem d\u00edvidas de R$ 160 milh\u00f5es.<\/p>\n<p>\u201cMesmo diante de tal situa\u00e7\u00e3o financeira, o governador solicitou o aumento de quase\u00a0400%\u00a0de seu subs\u00eddio. Solicita\u00e7\u00e3o essa acatada pela ALMG sem estudo de impacto, sem previs\u00e3o or\u00e7ament\u00e1ria e em vigor em Minas Gerais desde maio de 2023\u201d, concluiu.<\/p>\n<p>De acordo com o governo de Minas, o aumento foi necess\u00e1rio diante da defasagem de 15 anos na recomposi\u00e7\u00e3o e foi baseado nos vencimentos do Judici\u00e1rio mineiro.<\/p>\n<p><span style=\"font-weight: 400;\">Fonte: Ag\u00eancia Brasil\u00a0<\/span><span style=\"font-weight: 400;\"><br \/>\n<\/span><\/p>\n","protected":false},"excerpt":{"rendered":"<p>O ministro Cristiano Zanin, do Supremo Tribunal Federal (STF), pediu esclarecimentos sobre a lei estadual que prev\u00ea aumento de 300% nos sal\u00e1rios do governador Romeu Zema e dos secret\u00e1rios estaduais.\u00a0O despacho foi assinado na segunda-feira (9) e divulgado nesta quarta-feira (11).\u00a0 Pela decis\u00e3o do ministro, Zema e a Assembleia de Minas dever\u00e3o se manifestar sobre [&hellip;]<\/p>\n","protected":false},"author":246,"featured_media":218640,"comment_status":"closed","ping_status":"closed","sticky":false,"template":"","format":"standard","meta":{"footnotes":""},"categories":[436,254,439],"tags":[],"class_list":["post-218639","post","type-post","status-publish","format-standard","has-post-thumbnail","hentry","category-destaque-da-semana","category-politica","category-ultima-hora"],"_links":{"self":[{"href":"https:\/\/diarioregionaldigital.com.br\/index.php?rest_route=\/wp\/v2\/posts\/218639","targetHints":{"allow":["GET"]}}],"collection":[{"href":"https:\/\/diarioregionaldigital.com.br\/index.php?rest_route=\/wp\/v2\/posts"}],"about":[{"href":"https:\/\/diarioregionaldigital.com.br\/index.php?rest_route=\/wp\/v2\/types\/post"}],"author":[{"embeddable":true,"href":"https:\/\/diarioregionaldigital.com.br\/index.php?rest_route=\/wp\/v2\/users\/246"}],"replies":[{"embeddable":true,"href":"https:\/\/diarioregionaldigital.com.br\/index.php?rest_route=%2Fwp%2Fv2%2Fcomments&post=218639"}],"version-history":[{"count":1,"href":"https:\/\/diarioregionaldigital.com.br\/index.php?rest_route=\/wp\/v2\/posts\/218639\/revisions"}],"predecessor-version":[{"id":218641,"href":"https:\/\/diarioregionaldigital.com.br\/index.php?rest_route=\/wp\/v2\/posts\/218639\/revisions\/218641"}],"wp:featuredmedia":[{"embeddable":true,"href":"https:\/\/diarioregionaldigital.com.br\/index.php?rest_route=\/wp\/v2\/media\/218640"}],"wp:attachment":[{"href":"https:\/\/diarioregionaldigital.com.br\/index.php?rest_route=%2Fwp%2Fv2%2Fmedia&parent=218639"}],"wp:term":[{"taxonomy":"category","embeddable":true,"href":"https:\/\/diarioregionaldigital.com.br\/index.php?rest_route=%2Fwp%2Fv2%2Fcategories&post=218639"},{"taxonomy":"post_tag","embeddable":true,"href":"https:\/\/diarioregionaldigital.com.br\/index.php?rest_route=%2Fwp%2Fv2%2Ftags&post=218639"}],"curies":[{"name":"wp","href":"https:\/\/api.w.org\/{rel}","templated":true}]}}