{"id":218619,"date":"2023-10-11T00:41:48","date_gmt":"2023-10-11T03:41:48","guid":{"rendered":"https:\/\/diarioregionaldigital.com.br\/?p=218619"},"modified":"2023-10-11T00:41:48","modified_gmt":"2023-10-11T03:41:48","slug":"praca-ceu-sedia-campeonato-infantojuvenil-de-kickboxing-no-feriado","status":"publish","type":"post","link":"https:\/\/diarioregionaldigital.com.br\/?p=218619","title":{"rendered":"Pra\u00e7a CEU sedia campeonato infantojuvenil de kickboxing no feriado"},"content":{"rendered":"<p><span style=\"font-weight: 400;\">Segundo informa\u00e7\u00f5es do site da Prefeitura de Juiz de Fora (PJF), cerca de 50 atletas amadores (as), com idades entre 8 e 17 anos, participam do Campeonato Strikers Kids \u2013 Quem Luta n\u00e3o Briga, que acontece na pr\u00f3xima quinta-feira, 12, na Pra\u00e7a CEU (Centro de Artes e Esportes Unificados Coronel Adelmir Romualdo de Oliveira). A competi\u00e7\u00e3o, que come\u00e7a \u00e0s 8h, ter\u00e1 regras adaptadas para a faixa et\u00e1ria, com participa\u00e7\u00e3o de meninas e meninos. A iniciativa \u00e9 organizada pelo projeto social Galp\u00e3o da Luta, que, desde 2010, oferece treinamento gratuito de lutas marciais para crian\u00e7as, adolescentes e adultos da Zona Norte de Juiz de Fora.<\/span><\/p>\n<p>&nbsp;<\/p>\n<p><span style=\"font-weight: 400;\">Conforme o fundador do projeto, sargento da PM Luiz Bento (Mestre Bento), desde 2015 o campeonato \u00e9 realizado na Pra\u00e7a CEU, sempre durante a Semana da Crian\u00e7a e com acesso gratuito a todos. Ele conta que, al\u00e9m dos atletas locais, o campeonato ter\u00e1 competidores de Barbacena, Tr\u00eas Rios, Ewbank da C\u00e2mara, Santos Dumont, Matias Barbosa e Coronel Pacheco. Ser\u00e3o conferidas medalhas para os dois primeiros colocados em cada categoria.<\/span><\/p>\n<p>&nbsp;<\/p>\n<p><span style=\"font-weight: 400;\">A Pra\u00e7a CEU localiza-se na Avenida Juscelino Kubitschek, 5.899, Benfica, e \u00e9 mantida pela Prefeitura de Juiz de Fora (PJF), por meio da Funda\u00e7\u00e3o Cultural Alfredo Ferreira Lage (Funalfa). A presta\u00e7\u00e3o de servi\u00e7os acontece por meio da Associa\u00e7\u00e3o Cultural Arte e Vida (Acav).<\/span><\/p>\n","protected":false},"excerpt":{"rendered":"<p>Segundo informa\u00e7\u00f5es do site da Prefeitura de Juiz de Fora (PJF), cerca de 50 atletas amadores (as), com idades entre 8 e 17 anos, participam do Campeonato Strikers Kids \u2013 Quem Luta n\u00e3o Briga, que acontece na pr\u00f3xima quinta-feira, 12, na Pra\u00e7a CEU (Centro de Artes e Esportes Unificados Coronel Adelmir Romualdo de Oliveira). A [&hellip;]<\/p>\n","protected":false},"author":246,"featured_media":218620,"comment_status":"closed","ping_status":"closed","sticky":false,"template":"","format":"standard","meta":{"footnotes":""},"categories":[253,436,439],"tags":[],"class_list":["post-218619","post","type-post","status-publish","format-standard","has-post-thumbnail","hentry","category-cidade","category-destaque-da-semana","category-ultima-hora"],"_links":{"self":[{"href":"https:\/\/diarioregionaldigital.com.br\/index.php?rest_route=\/wp\/v2\/posts\/218619","targetHints":{"allow":["GET"]}}],"collection":[{"href":"https:\/\/diarioregionaldigital.com.br\/index.php?rest_route=\/wp\/v2\/posts"}],"about":[{"href":"https:\/\/diarioregionaldigital.com.br\/index.php?rest_route=\/wp\/v2\/types\/post"}],"author":[{"embeddable":true,"href":"https:\/\/diarioregionaldigital.com.br\/index.php?rest_route=\/wp\/v2\/users\/246"}],"replies":[{"embeddable":true,"href":"https:\/\/diarioregionaldigital.com.br\/index.php?rest_route=%2Fwp%2Fv2%2Fcomments&post=218619"}],"version-history":[{"count":1,"href":"https:\/\/diarioregionaldigital.com.br\/index.php?rest_route=\/wp\/v2\/posts\/218619\/revisions"}],"predecessor-version":[{"id":218621,"href":"https:\/\/diarioregionaldigital.com.br\/index.php?rest_route=\/wp\/v2\/posts\/218619\/revisions\/218621"}],"wp:featuredmedia":[{"embeddable":true,"href":"https:\/\/diarioregionaldigital.com.br\/index.php?rest_route=\/wp\/v2\/media\/218620"}],"wp:attachment":[{"href":"https:\/\/diarioregionaldigital.com.br\/index.php?rest_route=%2Fwp%2Fv2%2Fmedia&parent=218619"}],"wp:term":[{"taxonomy":"category","embeddable":true,"href":"https:\/\/diarioregionaldigital.com.br\/index.php?rest_route=%2Fwp%2Fv2%2Fcategories&post=218619"},{"taxonomy":"post_tag","embeddable":true,"href":"https:\/\/diarioregionaldigital.com.br\/index.php?rest_route=%2Fwp%2Fv2%2Ftags&post=218619"}],"curies":[{"name":"wp","href":"https:\/\/api.w.org\/{rel}","templated":true}]}}