{"id":218613,"date":"2023-10-11T00:32:54","date_gmt":"2023-10-11T03:32:54","guid":{"rendered":"https:\/\/diarioregionaldigital.com.br\/?p=218613"},"modified":"2023-10-11T00:32:54","modified_gmt":"2023-10-11T03:32:54","slug":"giuliano-ribas-sera-o-tecnico-do-volei-masculino-no-pan-americano","status":"publish","type":"post","link":"https:\/\/diarioregionaldigital.com.br\/?p=218613","title":{"rendered":"Giuliano Ribas ser\u00e1 o t\u00e9cnico do v\u00f4lei masculino no Pan-Americano"},"content":{"rendered":"<p>A<a href=\"https:\/\/cbv.com.br\/noticia\/29668\/com-participacao-em-dois-ouros-olimpicos-do-volei-brasileiro--giuliano-ribas--o-juba--sera-o-tecnico-da-selecao-masculina-no-pan-de-santiago\">\u00a0Confedera\u00e7\u00e3o Brasileira de Voleibol (CBV)\u00a0<\/a>anunciou Giuliano Ribas, tamb\u00e9m conhecido como Juba, como t\u00e9cnico da sele\u00e7\u00e3o masculina nos Jogos Pan-Americanos de Santiago, que come\u00e7am no pr\u00f3ximo dia 20 de outubro. Juba substituir\u00e1 o ex-treinador Renan Dal Zotto, que\u00a0<a href=\"https:\/\/agenciabrasil.ebc.com.br\/esportes\/noticia\/2023-10\/brasil-vence-italia-no-volei-e-esta-na-olimpiada-de-paris\">pediu demiss\u00e3o no \u00faltimo domingo (8), ap\u00f3s conquistar a vaga ol\u00edmpica\u00a0<\/a>para os Jogos de Paris no ano que vem. Dal Zotto alegou quest\u00f5es m\u00e9dicas e familiares para se afastar da sele\u00e7\u00e3o.<img decoding=\"async\" src=\"https:\/\/agenciabrasil.ebc.com.br\/ebc.png?id=1560164&amp;o=node\" \/><img decoding=\"async\" src=\"https:\/\/agenciabrasil.ebc.com.br\/ebc.gif?id=1560164&amp;o=node\" \/><\/p>\n<p>Juba fazia parte da comiss\u00e3o do ex-treinador Dal Zotto, como auxiliar t\u00e9cnico. Graduado em Educa\u00e7\u00e3o F\u00edsica, ele acumula 30 anos de experi\u00eancia no v\u00f4lei. Trabalhou ainda como assistente t\u00e9cnico, analista de desempenho e supervisor.<\/p>\n<blockquote><p>\u201cFico muito honrado com esse convite da CBV para representar o Brasil com essa equipe nos Jogos Pan-Americanos. Estamos levando um time que mescla atletas jovens e experientes. Alguns j\u00e1 estiveram no grupo em outras competi\u00e7\u00f5es desta temporada e tamb\u00e9m temos destaques das sele\u00e7\u00f5es de base. A sele\u00e7\u00e3o masculina vai dar o seu melhor para ajudar o Brasil a ter um bom desempenho nessa competi\u00e7\u00e3o t\u00e3o importante\u201d, afirmou Juba.<\/p><\/blockquote>\n<p>Em 2004, Juba integrava a equipe t\u00e9cnica da dupla de v\u00f4lei de praia formada por Ricardo e Emanuel, que conquistou a medalha de ouro na Olimp\u00edada de Atenas. Seis anos depois, voltou para o v\u00f4lei de quadra. Na Rio 2016, participou da equipe de Bernardinho como auxiliar t\u00e9cnico e tamb\u00e9m foi campe\u00e3o ol\u00edmpico.<\/p>\n<blockquote><p>\u201cForam dois Jogos Ol\u00edmpicos bastante significativos. Em 2004, por ser a minha primeira experi\u00eancia ol\u00edmpica e por ter a equipe que a gente teve. Em 2016, tivemos uma caminhada dif\u00edcil, jogando em casa, mas isso ajudou a conseguir o objetivo. Mas nos dois o processo foi o mesmo. Chegar e sentir que voc\u00ea merece estar ali, que est\u00e1 bem-preparado, que trabalhou e deu seu melhor ao longo dos anos de prepara\u00e7\u00e3o. Isso faz com que voc\u00ea se sinta seguro, pela capacidade que adquiriu. Faz com que tenha condi\u00e7\u00e3o de brigar sempre\u201d, concluiu o t\u00e9cnico-interino.<\/p>\n<p><span style=\"font-weight: 400;\">Fonte: Ag\u00eancia Brasil <\/span><\/p><\/blockquote>\n","protected":false},"excerpt":{"rendered":"<p>A\u00a0Confedera\u00e7\u00e3o Brasileira de Voleibol (CBV)\u00a0anunciou Giuliano Ribas, tamb\u00e9m conhecido como Juba, como t\u00e9cnico da sele\u00e7\u00e3o masculina nos Jogos Pan-Americanos de Santiago, que come\u00e7am no pr\u00f3ximo dia 20 de outubro. Juba substituir\u00e1 o ex-treinador Renan Dal Zotto, que\u00a0pediu demiss\u00e3o no \u00faltimo domingo (8), ap\u00f3s conquistar a vaga ol\u00edmpica\u00a0para os Jogos de Paris no ano que vem. [&hellip;]<\/p>\n","protected":false},"author":246,"featured_media":218614,"comment_status":"closed","ping_status":"closed","sticky":false,"template":"","format":"standard","meta":{"footnotes":""},"categories":[436,257,439],"tags":[],"class_list":["post-218613","post","type-post","status-publish","format-standard","has-post-thumbnail","hentry","category-destaque-da-semana","category-esporte","category-ultima-hora"],"_links":{"self":[{"href":"https:\/\/diarioregionaldigital.com.br\/index.php?rest_route=\/wp\/v2\/posts\/218613","targetHints":{"allow":["GET"]}}],"collection":[{"href":"https:\/\/diarioregionaldigital.com.br\/index.php?rest_route=\/wp\/v2\/posts"}],"about":[{"href":"https:\/\/diarioregionaldigital.com.br\/index.php?rest_route=\/wp\/v2\/types\/post"}],"author":[{"embeddable":true,"href":"https:\/\/diarioregionaldigital.com.br\/index.php?rest_route=\/wp\/v2\/users\/246"}],"replies":[{"embeddable":true,"href":"https:\/\/diarioregionaldigital.com.br\/index.php?rest_route=%2Fwp%2Fv2%2Fcomments&post=218613"}],"version-history":[{"count":1,"href":"https:\/\/diarioregionaldigital.com.br\/index.php?rest_route=\/wp\/v2\/posts\/218613\/revisions"}],"predecessor-version":[{"id":218615,"href":"https:\/\/diarioregionaldigital.com.br\/index.php?rest_route=\/wp\/v2\/posts\/218613\/revisions\/218615"}],"wp:featuredmedia":[{"embeddable":true,"href":"https:\/\/diarioregionaldigital.com.br\/index.php?rest_route=\/wp\/v2\/media\/218614"}],"wp:attachment":[{"href":"https:\/\/diarioregionaldigital.com.br\/index.php?rest_route=%2Fwp%2Fv2%2Fmedia&parent=218613"}],"wp:term":[{"taxonomy":"category","embeddable":true,"href":"https:\/\/diarioregionaldigital.com.br\/index.php?rest_route=%2Fwp%2Fv2%2Fcategories&post=218613"},{"taxonomy":"post_tag","embeddable":true,"href":"https:\/\/diarioregionaldigital.com.br\/index.php?rest_route=%2Fwp%2Fv2%2Ftags&post=218613"}],"curies":[{"name":"wp","href":"https:\/\/api.w.org\/{rel}","templated":true}]}}