{"id":218590,"date":"2023-10-09T20:22:53","date_gmt":"2023-10-09T23:22:53","guid":{"rendered":"https:\/\/diarioregionaldigital.com.br\/?p=218590"},"modified":"2023-10-09T20:27:29","modified_gmt":"2023-10-09T23:27:29","slug":"ubs-santa-cruz-amplia-atendimento-para-moradores-de-loteamentos-locais","status":"publish","type":"post","link":"https:\/\/diarioregionaldigital.com.br\/?p=218590","title":{"rendered":"UBS Santa Cruz amplia atendimento para moradores de loteamentos locais"},"content":{"rendered":"<div>Segundo informa\u00e7\u00f5es do site da Prefeitura de Juiz de Fora (PJF), ap\u00f3s a <a href=\"https:\/\/www.pjf.mg.gov.br\/noticias\/view.php?modo=link2&amp;idnoticia2=81491\"><strong>extens\u00e3o da \u00e1rea de abrang\u00eancia da Unidade B\u00e1sica de Sa\u00fade (UBS) Santa Cruz nas localidades Santa Clara e Santo Agostinho<\/strong><\/a>, a Prefeitura de Juiz de Fora (PJF) promove uma nova amplia\u00e7\u00e3o, desta vez, para loteamentos da regi\u00e3o que n\u00e3o contam com cobertura de Aten\u00e7\u00e3o Prim\u00e1ria \u00e0 Sa\u00fade (APS). A UBS Santa Cruz faz parte do grupo de\u00a0<a href=\"https:\/\/www.pjf.mg.gov.br\/noticias\/view.php?modo=link2&amp;idnoticia2=78554#:~:text=Inicialmente%2C%20as%20unidades%20Bandeirantes%2C%20Linhares,%C3%A0s%2020h%2C%20de%20forma%20ininterrupta.\"><strong>nove UBSs que contam com atendimento em hor\u00e1rio estendido<\/strong><\/a>, funcionando das 7h \u00e0s 20h, desde 1\u00b0 de fevereiro deste ano de maneira ininterrupta. A amplia\u00e7\u00e3o do territ\u00f3rio de abrang\u00eancia da Unidade acontece em fun\u00e7\u00e3o da extens\u00e3o do hor\u00e1rio de atendimento.<\/div>\n<p>&nbsp;<\/p>\n<div><strong>Passam a contar com os servi\u00e7os de sa\u00fade da UBS Santa Cruz moradores dos seguintes loteamentos:\u00a0<\/strong><\/div>\n<p>&nbsp;<\/p>\n<div>&#8211; Park da Cachoeira;<\/div>\n<p>&nbsp;<\/p>\n<div>&#8211; S\u00e3o Judas Tadeu;<\/div>\n<p>&nbsp;<\/p>\n<div>&#8211; Toca do Le\u00e3o;<\/div>\n<p>&nbsp;<\/p>\n<div>&#8211; Fazendinhas Vale do Sol;<\/div>\n<p>&nbsp;<\/p>\n<div>&#8211; Recanto Ra\u00edzes.<\/div>\n<p>&nbsp;<\/p>\n<div>Para iniciar os atendimentos, \u00e9 necess\u00e1rio que os usu\u00e1rios residentes nos loteamentos contemplados compare\u00e7am ao mutir\u00e3o de cadastramento nos dias 16 a 20 de outubro, de 8h \u00e0s 17h, e no dia 21, de 8h \u00e0s 12h na sede da UBS Santa Cruz, localizada na Rua Doutor Ant\u00f4nio Mour\u00e3o Guimar\u00e3es, n\u00b0245. Para realizar o cadastro \u00e9 necess\u00e1rio apresentar o\u00a0<strong>comprovante de resid\u00eancia, CPF, RG e certid\u00e3o de nascimento<\/strong>. O<strong>\u00a0Cart\u00e3o Nacional de Sa\u00fade (CNS) ou Cart\u00e3o SUS<\/strong>\u00a0tamb\u00e9m faz parte dos documentos solicitados no cadastro, no entanto, caso o usu\u00e1rio n\u00e3o possua o Cart\u00e3o SUS, poder\u00e1 comparecer ao mutir\u00e3o de cadastramento normalmente, sem a obrigatoriedade do documento.<\/div>\n<p>&nbsp;<\/p>\n<div><strong>Amplia\u00e7\u00e3o para moradores das localidades Santa Clara e Santo Agostinho<\/strong><\/div>\n<p>&nbsp;<\/p>\n<div>Nos dias 6 e 7 de outubro foi realizado um mutir\u00e3o de cadastramento para moradores das ruas Joana Darc (do 67 ao n\u00ba 635), Cl\u00e9a Gervason Halfeld, Kalil Abrah\u00e3o Hallack, Doutor Vicente Saada, Sebasti\u00e3o H\u00fangaro, Lindolfo Gon\u00e7alves Coelho, Homero Gon\u00e7alves, Maria Dulce Vasques de Castro, Maria Aparecida de Amorim (Rua D), Jos\u00e9 Bernardino de Oliveira e Jo\u00e3o Mariano de Almeida, localizadas nos bairros Santa Clara e Santo Agostinho, territ\u00f3rios que agora fazem parte da \u00e1rea de abrang\u00eancia da UBS Santa Cruz. Usu\u00e1rios que n\u00e3o puderam comparecer ao mutir\u00e3o podem realizar o cadastro normalmente na UBS Santa Cruz, sendo necess\u00e1ria a apresenta\u00e7\u00e3o dos documentos solicitados. A Unidade funciona de segunda \u00e0 sexta, das 7h \u00e0s 20h.<\/div>\n","protected":false},"excerpt":{"rendered":"<p>Segundo informa\u00e7\u00f5es do site da Prefeitura de Juiz de Fora (PJF), ap\u00f3s a extens\u00e3o da \u00e1rea de abrang\u00eancia da Unidade B\u00e1sica de Sa\u00fade (UBS) Santa Cruz nas localidades Santa Clara e Santo Agostinho, a Prefeitura de Juiz de Fora (PJF) promove uma nova amplia\u00e7\u00e3o, desta vez, para loteamentos da regi\u00e3o que n\u00e3o contam com cobertura [&hellip;]<\/p>\n","protected":false},"author":246,"featured_media":218591,"comment_status":"closed","ping_status":"closed","sticky":false,"template":"","format":"standard","meta":{"footnotes":""},"categories":[253,436,439],"tags":[],"class_list":["post-218590","post","type-post","status-publish","format-standard","has-post-thumbnail","hentry","category-cidade","category-destaque-da-semana","category-ultima-hora"],"_links":{"self":[{"href":"https:\/\/diarioregionaldigital.com.br\/index.php?rest_route=\/wp\/v2\/posts\/218590","targetHints":{"allow":["GET"]}}],"collection":[{"href":"https:\/\/diarioregionaldigital.com.br\/index.php?rest_route=\/wp\/v2\/posts"}],"about":[{"href":"https:\/\/diarioregionaldigital.com.br\/index.php?rest_route=\/wp\/v2\/types\/post"}],"author":[{"embeddable":true,"href":"https:\/\/diarioregionaldigital.com.br\/index.php?rest_route=\/wp\/v2\/users\/246"}],"replies":[{"embeddable":true,"href":"https:\/\/diarioregionaldigital.com.br\/index.php?rest_route=%2Fwp%2Fv2%2Fcomments&post=218590"}],"version-history":[{"count":2,"href":"https:\/\/diarioregionaldigital.com.br\/index.php?rest_route=\/wp\/v2\/posts\/218590\/revisions"}],"predecessor-version":[{"id":218593,"href":"https:\/\/diarioregionaldigital.com.br\/index.php?rest_route=\/wp\/v2\/posts\/218590\/revisions\/218593"}],"wp:featuredmedia":[{"embeddable":true,"href":"https:\/\/diarioregionaldigital.com.br\/index.php?rest_route=\/wp\/v2\/media\/218591"}],"wp:attachment":[{"href":"https:\/\/diarioregionaldigital.com.br\/index.php?rest_route=%2Fwp%2Fv2%2Fmedia&parent=218590"}],"wp:term":[{"taxonomy":"category","embeddable":true,"href":"https:\/\/diarioregionaldigital.com.br\/index.php?rest_route=%2Fwp%2Fv2%2Fcategories&post=218590"},{"taxonomy":"post_tag","embeddable":true,"href":"https:\/\/diarioregionaldigital.com.br\/index.php?rest_route=%2Fwp%2Fv2%2Ftags&post=218590"}],"curies":[{"name":"wp","href":"https:\/\/api.w.org\/{rel}","templated":true}]}}