{"id":218584,"date":"2023-10-09T20:10:03","date_gmt":"2023-10-09T23:10:03","guid":{"rendered":"https:\/\/diarioregionaldigital.com.br\/?p=218584"},"modified":"2023-10-09T20:10:03","modified_gmt":"2023-10-09T23:10:03","slug":"brasil-vence-italia-no-volei-e-esta-na-olimpiada-de-paris","status":"publish","type":"post","link":"https:\/\/diarioregionaldigital.com.br\/?p=218584","title":{"rendered":"Brasil vence It\u00e1lia no v\u00f4lei e est\u00e1 na Olimp\u00edada de Paris"},"content":{"rendered":"<p>A sele\u00e7\u00e3o brasileira de v\u00f4lei masculino venceu a It\u00e1lia por 3 sets a 2 e se garantiu nos Jogos Ol\u00edmpicos de Paris 2024.\u00a0<img decoding=\"async\" src=\"https:\/\/agenciabrasil.ebc.com.br\/ebc.png?id=1559756&amp;o=node\" \/><img decoding=\"async\" src=\"https:\/\/agenciabrasil.ebc.com.br\/ebc.gif?id=1559756&amp;o=node\" \/><\/p>\n<p>A vit\u00f3ria ocorreu na manh\u00e3 deste domingo (8), no gin\u00e1sio do Maracan\u00e3zinho, no Rio de Janeiro, pela \u00faltima rodada do pr\u00e9-ol\u00edmpico da modalidade.<\/p>\n<p>O Brasil venceu o primeiro e o quarto sets, com parciais de 25 a 23 e 25 a 17. J\u00e1 a It\u00e1lia ficou a frente no placar do segundo e do terceiro sets com 25 a 23 e 25 a 15. O desempate ficou com os brasileiros, com 15 a 11. Com o resultado, o pa\u00eds conseguiu a segunda vaga do Grupo A, atr\u00e1s da Alemanha.<\/p>\n<p>Logo ap\u00f3s a comemora\u00e7\u00e3o pela conquista da vaga sobre a atual campe\u00e3 mundial, Renan Dal Zotto anunciou a despedida do comando t\u00e9cnico da equipe. Ele estava a frente da sele\u00e7\u00e3o brasileira de v\u00f4lei desde 2017 e obteve os t\u00edtulos da Copa dos Campe\u00f5es, no primeiro ano como t\u00e9cnico, e da Copa do Mundo, em 2019. Na campanha do t\u00edtulo da Liga das Na\u00e7\u00f5es de 2021, ele ainda se recuperava da covid-19\u00a0e Carlos Schwanke foi o treinador.<\/p>\n<p><span style=\"font-weight: 400;\">Fonte: Ag\u00eancia Brasil<\/span><\/p>\n","protected":false},"excerpt":{"rendered":"<p>A sele\u00e7\u00e3o brasileira de v\u00f4lei masculino venceu a It\u00e1lia por 3 sets a 2 e se garantiu nos Jogos Ol\u00edmpicos de Paris 2024.\u00a0 A vit\u00f3ria ocorreu na manh\u00e3 deste domingo (8), no gin\u00e1sio do Maracan\u00e3zinho, no Rio de Janeiro, pela \u00faltima rodada do pr\u00e9-ol\u00edmpico da modalidade. O Brasil venceu o primeiro e o quarto sets, [&hellip;]<\/p>\n","protected":false},"author":246,"featured_media":218585,"comment_status":"closed","ping_status":"closed","sticky":false,"template":"","format":"standard","meta":{"footnotes":""},"categories":[436,257,439],"tags":[],"class_list":["post-218584","post","type-post","status-publish","format-standard","has-post-thumbnail","hentry","category-destaque-da-semana","category-esporte","category-ultima-hora"],"_links":{"self":[{"href":"https:\/\/diarioregionaldigital.com.br\/index.php?rest_route=\/wp\/v2\/posts\/218584","targetHints":{"allow":["GET"]}}],"collection":[{"href":"https:\/\/diarioregionaldigital.com.br\/index.php?rest_route=\/wp\/v2\/posts"}],"about":[{"href":"https:\/\/diarioregionaldigital.com.br\/index.php?rest_route=\/wp\/v2\/types\/post"}],"author":[{"embeddable":true,"href":"https:\/\/diarioregionaldigital.com.br\/index.php?rest_route=\/wp\/v2\/users\/246"}],"replies":[{"embeddable":true,"href":"https:\/\/diarioregionaldigital.com.br\/index.php?rest_route=%2Fwp%2Fv2%2Fcomments&post=218584"}],"version-history":[{"count":1,"href":"https:\/\/diarioregionaldigital.com.br\/index.php?rest_route=\/wp\/v2\/posts\/218584\/revisions"}],"predecessor-version":[{"id":218586,"href":"https:\/\/diarioregionaldigital.com.br\/index.php?rest_route=\/wp\/v2\/posts\/218584\/revisions\/218586"}],"wp:featuredmedia":[{"embeddable":true,"href":"https:\/\/diarioregionaldigital.com.br\/index.php?rest_route=\/wp\/v2\/media\/218585"}],"wp:attachment":[{"href":"https:\/\/diarioregionaldigital.com.br\/index.php?rest_route=%2Fwp%2Fv2%2Fmedia&parent=218584"}],"wp:term":[{"taxonomy":"category","embeddable":true,"href":"https:\/\/diarioregionaldigital.com.br\/index.php?rest_route=%2Fwp%2Fv2%2Fcategories&post=218584"},{"taxonomy":"post_tag","embeddable":true,"href":"https:\/\/diarioregionaldigital.com.br\/index.php?rest_route=%2Fwp%2Fv2%2Ftags&post=218584"}],"curies":[{"name":"wp","href":"https:\/\/api.w.org\/{rel}","templated":true}]}}