{"id":218578,"date":"2023-10-09T19:58:00","date_gmt":"2023-10-09T22:58:00","guid":{"rendered":"https:\/\/diarioregionaldigital.com.br\/?p=218578"},"modified":"2023-10-09T19:58:00","modified_gmt":"2023-10-09T22:58:00","slug":"secretaria-de-saude-promove-curso-de-formacao-em-auriculoterapia-para-profissionais-da-atencao-primaria-do-estado","status":"publish","type":"post","link":"https:\/\/diarioregionaldigital.com.br\/?p=218578","title":{"rendered":"Secretaria de Sa\u00fade promove Curso de Forma\u00e7\u00e3o em Auriculoterapia para profissionais da Aten\u00e7\u00e3o Prim\u00e1ria do estado"},"content":{"rendered":"<p>Profissionais de sa\u00fade que atuam na Aten\u00e7\u00e3o Prim\u00e1ria em Minas Gerais participam, entre os dias 9 e 11\/10, de uma aula pr\u00e1tica do Curso de Forma\u00e7\u00e3o em Auriculoterapia para Profissionais de Sa\u00fade da Aten\u00e7\u00e3o B\u00e1sica, ministrada no Audit\u00f3rio Juscelino Kubitschek, na Cidade Administrativa. A capacita\u00e7\u00e3o \u00e9 uma parceria da\u00a0<a href=\"https:\/\/www.saude.mg.gov.br\/\" target=\"_blank\" rel=\"noopener\">Secretaria de Estado de Sa\u00fade de Minas Gerais (SES-MG)<\/a>\u00a0com o N\u00facleo T\u00e9cnico de Pr\u00e1ticas Integrativas e Complementares em Sa\u00fade (Pics) do Minist\u00e9rio da Sa\u00fade e a Universidade Federal de Santa Catarina (UFSC).<\/p>\n<p>De acordo com a refer\u00eancia t\u00e9cnica da coordena\u00e7\u00e3o de Pr\u00e1ticas Integrativas e Complementares da SES-MG, Paula Souza, tr\u00eas turmas, num total de 450 profissionais, v\u00e3o participar das aulas pr\u00e1ticas em Belo Horizonte durante esses tr\u00eas dias. J\u00e1 em 27\/10, a capacita\u00e7\u00e3o ser\u00e1 realizada em Montes Claros, onde outras cem vagas foram abertas. Ao todo, 446 munic\u00edpios mineiros est\u00e3o participando desta edi\u00e7\u00e3o do curso, que tem como prop\u00f3sito aproximar os servi\u00e7os de sa\u00fade do cidad\u00e3o por meio de uma aten\u00e7\u00e3o prim\u00e1ria universal e ampliar o leque de op\u00e7\u00f5es terap\u00eauticas oferecidas pelo Sistema \u00danico de Sa\u00fade (SUS), bem como aumentar o n\u00famero de profissionais qualificados para oferecer o cuidado humanizado e integral com a sa\u00fade da popula\u00e7\u00e3o.<\/p>\n<p>Ao todo, 2.339 profissionais se inscreveram, e os crit\u00e9rios de elegibilidade foram: forma\u00e7\u00e3o em n\u00edvel superior, atua\u00e7\u00e3o na Aten\u00e7\u00e3o Prim\u00e1ria \u00e0 Sa\u00fade do SUS, profissionais efetivos e que tivessem disponibilidade para participar das aulas presenciais.<\/p>\n<p>O conte\u00fado do Curso de Forma\u00e7\u00e3o em Auriculoterapia para Profissionais de Sa\u00fade da Aten\u00e7\u00e3o B\u00e1sica \u00e9 dividido em duas etapas: a primeira, te\u00f3rica, realizada na modalidade ensino \u00e0 dist\u00e2ncia (EaD), tem cinco m\u00f3dulos sequenciais e carga hor\u00e1ria total de 75 horas. Depois de finalizar o conte\u00fado EAD, os profissionais participam de uma etapa presencial, com carga hor\u00e1ria de cinco horas, e da aula pr\u00e1tica, que permite aplicar os conhecimentos adquiridos. Essa qualifica\u00e7\u00e3o j\u00e1 foi realizada em Minas Gerais nos anos de 2017, 2018, 2019 e 2020, totalizando 1.649 profissionais formados no estado.<\/p>\n<p><strong>Tratamento terap\u00eautico complementar<\/strong><\/p>\n<p>Eduardo Nunes da Silva, dentista com atua\u00e7\u00e3o na Prefeitura Municipal de Florian\u00f3polis, ministrou a aula pr\u00e1tica em Belo Horizonte. Para ele, essa \u00e9 uma alternativa terap\u00eautica simples, eficiente e de baixo custo, que auxilia na complementa\u00e7\u00e3o dos tratamentos em sa\u00fade. \u201cTrata-se de um recurso muito potente para reduzir o excesso de medica\u00e7\u00e3o e para servir de apoio para os tratamentos terap\u00eauticos em geral. O curso tem a inten\u00e7\u00e3o de espalhar essa pr\u00e1tica e de empoderar os profissionais a fazerem isso em seu dia a dia, induzindo mudan\u00e7as consistentes no sentido do melhor cuidado com a sa\u00fade, menos uso de medicamentos e, principalmente, para proporcionar mais conforto aos pacientes\u201d explicou.<\/p>\n<p>A auriculoterapia \u00e9 uma t\u00e9cnica que promove a regula\u00e7\u00e3o ps\u00edquico-org\u00e2nica do indiv\u00edduo por meio de est\u00edmulos nos pontos energ\u00e9ticos localizados na orelha. \u201cA auriculoterapia tem benef\u00edcios comprovados cientificamente como o cuidado da ins\u00f4nia, do estresse, da ansiedade, compuls\u00e3o alimentar, ajuda na redu\u00e7\u00e3o de peso, na cessa\u00e7\u00e3o do tabagismo, dores cr\u00f4nicas, dores articulares, entre outros\u201d, salientou a refer\u00eancia t\u00e9cnica da SES-MG, Paula Souza.<\/p>\n<p>Para que os participantes tivessem uma experi\u00eancia mais completa na aula pr\u00e1tica, foram formados grupos com tr\u00eas integrantes cada. Um representava o terapeuta, um representava o paciente e o outro observava a din\u00e2mica. A cada estudo de caso, os profissionais trocavam os pap\u00e9is, permitindo a participa\u00e7\u00e3o de todos na pr\u00e1tica. Os profissionais receberam um kit contendo o material did\u00e1tico com a divis\u00e3o dos pontos auriculares e os insumos necess\u00e1rios para a coloca\u00e7\u00e3o dos pontos.<\/p>\n<p>Um dos trios foi composto por Maria Tereza Gomes de Carvalho, Tiago Victor Clemente e Mariane Silva Caixeiro. Eles vieram dos munic\u00edpios de Carrancas e Descoberto. Tiago Clemente \u00e9 dentista da Unidade B\u00e1sica de Sa\u00fade do munic\u00edpio de Carrancas e ressaltou que a aula pr\u00e1tica foi uma \u00f3tima oportunidade para esclarecer as d\u00favidas e colocar a m\u00e3o na massa. \u201cA gente s\u00f3 v\u00ea a parte te\u00f3rica e, quando chegamos aqui, d\u00e1 um pouco mais de seguran\u00e7a para conseguir aplicar na viv\u00eancia, no servi\u00e7o. E foi uma parte te\u00f3rica muito boa, porque deu uma vis\u00e3o n\u00e3o s\u00f3 das aplica\u00e7\u00f5es, mas, tamb\u00e9m, de evid\u00eancia cient\u00edfica e como a gente pode implantar dentro do servi\u00e7o\u201d, comentou.<\/p>\n<p>Para a enfermeira Maria Tereza Carvalho, que tamb\u00e9m \u00e9 terapeuta hol\u00edstica e defensora das Pics, fazer essa capacita\u00e7\u00e3o \u00e9 muito importante para quem atua na aten\u00e7\u00e3o prim\u00e1ria, para proporcionar um tratamento complementar e mais humanizado aos pacientes. \u201cA pr\u00e1tica \u00e9 complementar e integrativa, trazendo melhora na qualidade de vida do paciente, sem suspender o tratamento convencional\u201d, ressaltou.<\/p>\n<p><strong>Fomento das pr\u00e1ticas<\/strong><\/p>\n<p>A delibera\u00e7\u00e3o CIB-SUS\/MG n\u00ba 4.096 de 14 de fevereiro de 2023 estabeleceu os crit\u00e9rios para distribui\u00e7\u00e3o de insumos para a realiza\u00e7\u00e3o das atividades de pr\u00e1ticas integrativas e complementares em sa\u00fade no estado. \u201cPara fortalecer as Pics, o\u00a0<a href=\"https:\/\/www.mg.gov.br\/\" target=\"_blank\" rel=\"noopener\">Governo de Minas<\/a>\u00a0tem oferecido aos munic\u00edpios os insumos utilizados nas pr\u00e1ticas de acupuntura e auriculoterapia para os profissionais que atuam na Aten\u00e7\u00e3o Prim\u00e1ria, como agulhas e sementes de mostarda\u201d, destaca Paula Souza.<\/p>\n<p>A distribui\u00e7\u00e3o teve in\u00edcio em abril, e mais de 200 munic\u00edpios mineiros j\u00e1 foram contemplados. Fazem jus aos materiais aqueles que j\u00e1 possuem as pr\u00e1ticas de auriculoterapia ou acupuntura implantadas e registradas nos sistemas oficiais de sa\u00fade da Aten\u00e7\u00e3o Prim\u00e1ria, no semestre correspondente ao exerc\u00edcio anterior.<\/p>\n<p><span style=\"font-weight: 400;\">Fonte: Ag\u00eancia Brasil<\/span><\/p>\n","protected":false},"excerpt":{"rendered":"<p>Profissionais de sa\u00fade que atuam na Aten\u00e7\u00e3o Prim\u00e1ria em Minas Gerais participam, entre os dias 9 e 11\/10, de uma aula pr\u00e1tica do Curso de Forma\u00e7\u00e3o em Auriculoterapia para Profissionais de Sa\u00fade da Aten\u00e7\u00e3o B\u00e1sica, ministrada no Audit\u00f3rio Juscelino Kubitschek, na Cidade Administrativa. A capacita\u00e7\u00e3o \u00e9 uma parceria da\u00a0Secretaria de Estado de Sa\u00fade de Minas [&hellip;]<\/p>\n","protected":false},"author":246,"featured_media":218579,"comment_status":"closed","ping_status":"closed","sticky":false,"template":"","format":"standard","meta":{"footnotes":""},"categories":[436,254,439],"tags":[],"class_list":["post-218578","post","type-post","status-publish","format-standard","has-post-thumbnail","hentry","category-destaque-da-semana","category-politica","category-ultima-hora"],"_links":{"self":[{"href":"https:\/\/diarioregionaldigital.com.br\/index.php?rest_route=\/wp\/v2\/posts\/218578","targetHints":{"allow":["GET"]}}],"collection":[{"href":"https:\/\/diarioregionaldigital.com.br\/index.php?rest_route=\/wp\/v2\/posts"}],"about":[{"href":"https:\/\/diarioregionaldigital.com.br\/index.php?rest_route=\/wp\/v2\/types\/post"}],"author":[{"embeddable":true,"href":"https:\/\/diarioregionaldigital.com.br\/index.php?rest_route=\/wp\/v2\/users\/246"}],"replies":[{"embeddable":true,"href":"https:\/\/diarioregionaldigital.com.br\/index.php?rest_route=%2Fwp%2Fv2%2Fcomments&post=218578"}],"version-history":[{"count":1,"href":"https:\/\/diarioregionaldigital.com.br\/index.php?rest_route=\/wp\/v2\/posts\/218578\/revisions"}],"predecessor-version":[{"id":218580,"href":"https:\/\/diarioregionaldigital.com.br\/index.php?rest_route=\/wp\/v2\/posts\/218578\/revisions\/218580"}],"wp:featuredmedia":[{"embeddable":true,"href":"https:\/\/diarioregionaldigital.com.br\/index.php?rest_route=\/wp\/v2\/media\/218579"}],"wp:attachment":[{"href":"https:\/\/diarioregionaldigital.com.br\/index.php?rest_route=%2Fwp%2Fv2%2Fmedia&parent=218578"}],"wp:term":[{"taxonomy":"category","embeddable":true,"href":"https:\/\/diarioregionaldigital.com.br\/index.php?rest_route=%2Fwp%2Fv2%2Fcategories&post=218578"},{"taxonomy":"post_tag","embeddable":true,"href":"https:\/\/diarioregionaldigital.com.br\/index.php?rest_route=%2Fwp%2Fv2%2Ftags&post=218578"}],"curies":[{"name":"wp","href":"https:\/\/api.w.org\/{rel}","templated":true}]}}