{"id":218566,"date":"2023-10-08T06:00:46","date_gmt":"2023-10-08T09:00:46","guid":{"rendered":"https:\/\/diarioregionaldigital.com.br\/?p=218566"},"modified":"2023-10-07T05:26:00","modified_gmt":"2023-10-07T08:26:00","slug":"encontrar-o-que-esta-perdido","status":"publish","type":"post","link":"https:\/\/diarioregionaldigital.com.br\/?p=218566","title":{"rendered":"Encontrar o que est\u00e1 perdido"},"content":{"rendered":"<p>\u201cNovamente pergunto: Acaso trope\u00e7aram para que ficassem ca\u00eddos? De maneira nenhuma! Ao contr\u00e1rio, por causa da transgress\u00e3o deles, veio salva\u00e7\u00e3o para os gentios, para provocar ci\u00fame em Israel (Romanos 11: 11).<\/p>\n<p>E quanto aquele que cai? Foi derrubado para permanecer prostrado no ch\u00e3o? De maneira nenhuma!<\/p>\n<p>Todo aquele que cai tem a chance de se levantar. Deus age com miseric\u00f3rdia mesmo com a pesso que n\u00e3o consegue perdoar a si mesmo:<\/p>\n<p>\u201csabendo que, se o nosso cora\u00e7\u00e3o nos condena, maior \u00e9 Deus do que o nosso cora\u00e7\u00e3o e conhece todas as coisas\u201d (1 Jo\u00e3o 3: 20).<\/p>\n<p>Quem erra e se arrepende, cai mas se levanta.<\/p>\n<p>Mas quem peca e se entrega ao pecado, n\u00e3o importa quantas b\u00ean\u00e7\u00e3os recebeu at\u00e9 aquele momento, o que tinha, deixa de ser seu, para aprender que nunca temos nada que seja verdadeiramente nosso, tudo pertence a Deus, que distribui o que \u00e9 Seu para quem bem quiser.<\/p>\n<p>Deus transforma maldi\u00e7\u00e3o em b\u00ean\u00e7\u00e3o, ci\u00fames em Salva\u00e7\u00e3o.<\/p>\n<p>Quem j\u00e1 pisou no lugar sant\u00edssimo tem uma responsabilidade sobre si pr\u00f3prio que \u00e9 intransfer\u00edvel. Ele pode seguir de costas para a Salva\u00e7\u00e3o, ou olhar para a b\u00ean\u00e7\u00e3o derramada sobre muitos, sentir falta do que j\u00e1 foi seu e decidir voltar.<\/p>\n<p>&nbsp;<\/p>\n<p><strong>Reflita sobre estas tr\u00eas situa\u00e7\u00f5es:<\/strong><\/p>\n<p>Primeira: h\u00e1 quem esteja perdido e n\u00e3o sabe. Esse \u00e9 como a dracma da par\u00e1bola:<\/p>\n<p>Lucas 15: 8. &#8220;Ou, qual \u00e9 a mulher que, possuindo dez dracmas e, perdendo uma delas, n\u00e3o acende uma candeia, varre a casa e procura atentamente, at\u00e9 encontr\u00e1-la? 9. E quando a encontra, re\u00fane suas amigas e vizinhas e diz: \u2018Alegrem-se comigo, pois encontrei minha moeda perdida\u2019. &#8211; B\u00edblia NVI<\/p>\n<p>Oramos para que Deus nos capacite a encontrar quem est\u00e1 perdido e n\u00e3o sabe. Que sua consci\u00eancia venha \u00e0 luz trazendo arrependimento e f\u00e9. Assim se far\u00e1 festa no c\u00e9u:<\/p>\n<p>Lucas 15: 10. Eu lhes digo que, da mesma forma, h\u00e1 alegria na presen\u00e7a dos anjos de Deus por um pecador que se arrepende&#8221;. &#8211; B\u00edblia NVI<\/p>\n<p>Segunda: h\u00e1 quem esteja perdido e sabe, por\u00e9m, n\u00e3o conhece o caminho de volta. Esse \u00e9 como a ovelha da par\u00e1bola:<\/p>\n<p>Lucas 15: 3. Ent\u00e3o Jesus lhes contou esta par\u00e1bola: 4. &#8220;Qual de voc\u00eas que, possuindo cem ovelhas, e perdendo uma, n\u00e3o deixa as noventa e nove no campo e vai atr\u00e1s da ovelha perdida, at\u00e9 encontr\u00e1-la? 5. E quando a encontra, coloca-a alegremente sobre os ombros 6. e vai para casa. Ao chegar, re\u00fane seus amigos e vizinhos e diz: \u2018Alegrem-se comigo, pois encontrei minha ovelha perdida\u2019. &#8211; B\u00edblia NVI<\/p>\n<p>Oramos para que Deus nos capacite a mostrar o caminho a quem se perdeu e n\u00e3o consegue voltar. Que veja com clareza a vereda da justi\u00e7a e retorne s\u00e3o e salvo para a sombra do Alt\u00edssimo. Assim se far\u00e1 festa no c\u00e9u:<\/p>\n<p>Lucas 15: 7. Eu lhes digo que, da mesma forma, haver\u00e1 mais alegria no c\u00e9u por um pecador que se arrepende do que por noventa e nove justos que n\u00e3o precisam arrepender-se&#8221;. &#8211; B\u00edblia NVI<\/p>\n<p>Terceira: h\u00e1 quem esteja perdido, conhece o caminho mas segue se afastando, andando na dire\u00e7\u00e3o contr\u00e1ria. Esse \u00e9 como o filho perdido da par\u00e1bola:<\/p>\n<p>Lucas 15: 11. Jesus continuou: &#8220;Um homem tinha dois filhos. 12. O mais novo disse ao seu pai: \u2018Pai, quero a minha parte da heran\u00e7a\u2019. Assim, ele repartiu sua propriedade entre eles. 13. &#8220;N\u00e3o muito tempo depois, o filho mais novo reuniu tudo o que tinha, e foi para uma regi\u00e3o distante; e l\u00e1 desperdi\u00e7ou os seus bens vivendo irresponsavelmente. 14. Depois de ter gasto tudo, houve uma grande fome em toda aquela regi\u00e3o, e ele come\u00e7ou a passar necessidade. 15. Por isso foi empregar-se com um dos cidad\u00e3os daquela regi\u00e3o, que o mandou para o seu campo a fim de cuidar de porcos. 16. Ele desejava encher o est\u00f4mago com as vagens de alfarrobeira que os porcos comiam, mas ningu\u00e9m lhe dava nada. 17. &#8220;Caindo em si, ele disse: \u2018Quantos empregados de meu pai t\u00eam comida de sobra, e eu aqui, morrendo de fome! 18. Eu me porei a caminho e voltarei para meu pai, e lhe direi: Pai, pequei contra o c\u00e9u e contra ti. 19. N\u00e3o sou mais digno de ser chamado teu filho; trata-me como um dos teus empregados\u2019. 20. A seguir, levantou-se e foi para seu pai. &#8220;Estando ainda longe, seu pai o viu e, cheio de compaix\u00e3o, correu para seu filho, e o abra\u00e7ou e beijou. 21. &#8220;O filho lhe disse: \u2018Pai, pequei contra o c\u00e9u e contra ti. N\u00e3o sou mais digno de ser chamado teu filho\u2019. 22. &#8220;Mas o pai disse aos seus servos: \u2018Depressa! Tragam a melhor roupa e vistam nele. Coloquem um anel em seu dedo e cal\u00e7ados em seus p\u00e9s. &#8211; B\u00edblia NVI<\/p>\n<p>Neste caso n\u00e3o h\u00e1 o que possamos fazer sen\u00e3o orar. Pois como o pai que n\u00e3o foi atr\u00e1s do filho, n\u00e3o cabe a n\u00f3s fazer nada, apenas o pr\u00f3prio perdido pode decidir voltar. Quando isso acontece se far\u00e1 festa no c\u00e9u:<\/p>\n<p>Lucas 15: 23. Tragam o novilho gordo e matem-no. Vamos fazer uma festa e comemorar. 24. Pois este meu filho estava morto e voltou \u00e0 vida; estava perdido e foi achado\u2019. E come\u00e7aram a festejar. &#8211; B\u00edblia NVI<\/p>\n","protected":false},"excerpt":{"rendered":"<p>\u201cNovamente pergunto: Acaso trope\u00e7aram para que ficassem ca\u00eddos? De maneira nenhuma! Ao contr\u00e1rio, por causa da transgress\u00e3o deles, veio salva\u00e7\u00e3o para os gentios, para provocar ci\u00fame em Israel (Romanos 11: 11). E quanto aquele que cai? Foi derrubado para permanecer prostrado no ch\u00e3o? De maneira nenhuma! Todo aquele que cai tem a chance de se [&hellip;]<\/p>\n","protected":false},"author":96,"featured_media":0,"comment_status":"closed","ping_status":"closed","sticky":false,"template":"","format":"standard","meta":{"footnotes":""},"categories":[1244],"tags":[],"class_list":["post-218566","post","type-post","status-publish","format-standard","hentry","category-oleg-abramov"],"_links":{"self":[{"href":"https:\/\/diarioregionaldigital.com.br\/index.php?rest_route=\/wp\/v2\/posts\/218566","targetHints":{"allow":["GET"]}}],"collection":[{"href":"https:\/\/diarioregionaldigital.com.br\/index.php?rest_route=\/wp\/v2\/posts"}],"about":[{"href":"https:\/\/diarioregionaldigital.com.br\/index.php?rest_route=\/wp\/v2\/types\/post"}],"author":[{"embeddable":true,"href":"https:\/\/diarioregionaldigital.com.br\/index.php?rest_route=\/wp\/v2\/users\/96"}],"replies":[{"embeddable":true,"href":"https:\/\/diarioregionaldigital.com.br\/index.php?rest_route=%2Fwp%2Fv2%2Fcomments&post=218566"}],"version-history":[{"count":1,"href":"https:\/\/diarioregionaldigital.com.br\/index.php?rest_route=\/wp\/v2\/posts\/218566\/revisions"}],"predecessor-version":[{"id":218567,"href":"https:\/\/diarioregionaldigital.com.br\/index.php?rest_route=\/wp\/v2\/posts\/218566\/revisions\/218567"}],"wp:attachment":[{"href":"https:\/\/diarioregionaldigital.com.br\/index.php?rest_route=%2Fwp%2Fv2%2Fmedia&parent=218566"}],"wp:term":[{"taxonomy":"category","embeddable":true,"href":"https:\/\/diarioregionaldigital.com.br\/index.php?rest_route=%2Fwp%2Fv2%2Fcategories&post=218566"},{"taxonomy":"post_tag","embeddable":true,"href":"https:\/\/diarioregionaldigital.com.br\/index.php?rest_route=%2Fwp%2Fv2%2Ftags&post=218566"}],"curies":[{"name":"wp","href":"https:\/\/api.w.org\/{rel}","templated":true}]}}