{"id":218564,"date":"2023-10-08T06:00:49","date_gmt":"2023-10-08T09:00:49","guid":{"rendered":"https:\/\/diarioregionaldigital.com.br\/?p=218564"},"modified":"2023-10-07T05:24:35","modified_gmt":"2023-10-07T08:24:35","slug":"agressoes-ao-portugues","status":"publish","type":"post","link":"https:\/\/diarioregionaldigital.com.br\/?p=218564","title":{"rendered":"Agress\u00f5es ao portugu\u00eas"},"content":{"rendered":"<p>O desembargador Carlos Biasotti, que atua no Tribunal de Justi\u00e7a de S\u00e3o Paulo, n\u00e3o \u00e9 apenas uma not\u00e1vel figura da lei brasileira, mas um cultor da l\u00edngua portuguesa, que ele acompanha com muito carinho.<\/p>\n<p>Tem um profundo respeito pela Academia Brasileira de Letras, onde, segundo ele, est\u00e3o reunidos \u201cescritores de raro saber e conselho, dispostos a preservar de generalizada corrup\u00e7\u00e3o a gentil l\u00edngua portuguesa.\u201d<\/p>\n<p>Ele \u00a0me enviou um recorte publicado h\u00e1 40 anos na revista \u201cManchete\u201d (20\/10\/84), considerado por ele como rel\u00edquia do seus guardados. Vejam como \u00e9 interessante: \u201cAconteceu na 27\u00aa Vara Criminal do Rio de Janeiro. A Ju\u00edza Bitar rejeitou a queixa do advogado Jos\u00e9 Raimundo Guimar\u00e3es (OAB n\u00ba 24.990) porque estava tudo errado na peti\u00e7\u00e3o: O encaminhamento e as agress\u00f5es ao Portugu\u00eas. Entre outras coisas, o caus\u00eddico escreveu que \u201ca acusa\u00e7\u00e3o do querelado <strong>feri<\/strong>, <strong>agridi<\/strong>, <strong>ofendi<\/strong> e <strong>degrini<\/strong> a honra&#8230;\u201d Se o diploma n\u00e3o \u00e9 falso, o dr. Jos\u00e9 Raimundo vai ter de enfrentar, por decis\u00e3o da OAB, um exame de sufici\u00eancia. Se passar, estamos perdidos&#8230;\u201d<\/p>\n<p>N\u00e3o \u00e9\u00a0 de hoje que tenho l\u00e1 os meus \u00a0cuidados com a\u00a0 nossa l\u00edngua. Infelizmente, esse sentimento n\u00e3o \u00e9 generalizado. H\u00e1 muitos profissionais, ainda hoje, que escrevem mal, neles se incluindo m\u00e9dicos, advogados e engenheiros, mas que alcan\u00e7aram os seus respectivos diplomas.<\/p>\n<p>A forma\u00e7\u00e3o inadequada em Portugu\u00eas come\u00e7a na educa\u00e7\u00e3o b\u00e1sica. Isso foi assinalado nas \u00faltimas provas do exame internacional Pisa, onde essa trag\u00e9dia tem a companhia dos nossos jovens, em boa parcela, noutra mat\u00e9ria igualmente priorit\u00e1ria, que \u00e9 a Matem\u00e1tica.<\/p>\n<p>Por essas e outras \u00e9 que criamos a bem sucedida Maratona Escolar, com o apoio da Secretaria de Educa\u00e7\u00e3o do Rio de Janeiro. Selecionamos mitos da ABL para servirem de motiva\u00e7\u00e3o, como Jorge Amado, Guimar\u00e3es Rosa e Machado de Assis, cujas biografias s\u00e3o pretexto para que os estudantes escrevam textos de 30 linhas\u00a0 sobre suas vidas e obras. A final foi sempre realizada na sede da ABL, trazendo para o Teatro R. Magalh\u00e3es Jr. uma enorme popula\u00e7\u00e3o de jovens estudantes da rede oficial. Isso parte da realidade de que a leitura e a escrita desenvolvem o saud\u00e1vel\u00a0 interesse pela nossa \u00a0l\u00edngua e literatura.<\/p>\n","protected":false},"excerpt":{"rendered":"<p>O desembargador Carlos Biasotti, que atua no Tribunal de Justi\u00e7a de S\u00e3o Paulo, n\u00e3o \u00e9 apenas uma not\u00e1vel figura da lei brasileira, mas um cultor da l\u00edngua portuguesa, que ele acompanha com muito carinho. Tem um profundo respeito pela Academia Brasileira de Letras, onde, segundo ele, est\u00e3o reunidos \u201cescritores de raro saber e conselho, dispostos [&hellip;]<\/p>\n","protected":false},"author":96,"featured_media":0,"comment_status":"closed","ping_status":"closed","sticky":false,"template":"","format":"standard","meta":{"footnotes":""},"categories":[275],"tags":[],"class_list":["post-218564","post","type-post","status-publish","format-standard","hentry","category-arnaldo-niskier"],"_links":{"self":[{"href":"https:\/\/diarioregionaldigital.com.br\/index.php?rest_route=\/wp\/v2\/posts\/218564","targetHints":{"allow":["GET"]}}],"collection":[{"href":"https:\/\/diarioregionaldigital.com.br\/index.php?rest_route=\/wp\/v2\/posts"}],"about":[{"href":"https:\/\/diarioregionaldigital.com.br\/index.php?rest_route=\/wp\/v2\/types\/post"}],"author":[{"embeddable":true,"href":"https:\/\/diarioregionaldigital.com.br\/index.php?rest_route=\/wp\/v2\/users\/96"}],"replies":[{"embeddable":true,"href":"https:\/\/diarioregionaldigital.com.br\/index.php?rest_route=%2Fwp%2Fv2%2Fcomments&post=218564"}],"version-history":[{"count":1,"href":"https:\/\/diarioregionaldigital.com.br\/index.php?rest_route=\/wp\/v2\/posts\/218564\/revisions"}],"predecessor-version":[{"id":218565,"href":"https:\/\/diarioregionaldigital.com.br\/index.php?rest_route=\/wp\/v2\/posts\/218564\/revisions\/218565"}],"wp:attachment":[{"href":"https:\/\/diarioregionaldigital.com.br\/index.php?rest_route=%2Fwp%2Fv2%2Fmedia&parent=218564"}],"wp:term":[{"taxonomy":"category","embeddable":true,"href":"https:\/\/diarioregionaldigital.com.br\/index.php?rest_route=%2Fwp%2Fv2%2Fcategories&post=218564"},{"taxonomy":"post_tag","embeddable":true,"href":"https:\/\/diarioregionaldigital.com.br\/index.php?rest_route=%2Fwp%2Fv2%2Ftags&post=218564"}],"curies":[{"name":"wp","href":"https:\/\/api.w.org\/{rel}","templated":true}]}}