{"id":218562,"date":"2023-10-08T06:00:35","date_gmt":"2023-10-08T09:00:35","guid":{"rendered":"https:\/\/diarioregionaldigital.com.br\/?p=218562"},"modified":"2023-10-07T05:23:35","modified_gmt":"2023-10-07T08:23:35","slug":"prefeitura-municipal-de-descoberto-extrato-de-contrato-08-10-2023","status":"publish","type":"post","link":"https:\/\/diarioregionaldigital.com.br\/?p=218562","title":{"rendered":"Prefeitura Municipal de Descoberto &#8211; Extrato de Contrato &#8211; 08\/10\/2023"},"content":{"rendered":"<p style=\"text-align: center;\"><strong>EXTRATO DE SEGUNDO TERMO ADITIVO AO CONTRATO<\/strong><\/p>\n<p style=\"text-align: center;\">2\u00ba Termo Aditivo. Pref. Municipal de Descoberto x Centro de Inform\u00e1tica e Automa\u00e7\u00e3o do Estado de Santa Catarina S.A. &#8211; CIASC- Fundamento:\u00a0 Modifica\u00e7\u00e3o do valor do contrato \u2013 Dispensa n\u00ba 008\/2022 \u2013 Valor Global: 6.442,20 Vig\u00eancia: 12 meses \u2013 Dot or\u00e7: 02.02002.04.122.0002.217-339039\/100- Ass: 26\/09\/2023- Foro: S\u00e3o Jo\u00e3o Nepomuceno\/MG.<\/p>\n<p style=\"text-align: center;\"><strong>Marcos de Ara\u00fajo Lima<\/strong><\/p>\n<p style=\"text-align: center;\"><strong>Prefeito Municipal<\/strong><\/p>\n","protected":false},"excerpt":{"rendered":"<p>EXTRATO DE SEGUNDO TERMO ADITIVO AO CONTRATO 2\u00ba Termo Aditivo. Pref. Municipal de Descoberto x Centro de Inform\u00e1tica e Automa\u00e7\u00e3o do Estado de Santa Catarina S.A. &#8211; CIASC- Fundamento:\u00a0 Modifica\u00e7\u00e3o do valor do contrato \u2013 Dispensa n\u00ba 008\/2022 \u2013 Valor Global: 6.442,20 Vig\u00eancia: 12 meses \u2013 Dot or\u00e7: 02.02002.04.122.0002.217-339039\/100- Ass: 26\/09\/2023- Foro: S\u00e3o Jo\u00e3o Nepomuceno\/MG. [&hellip;]<\/p>\n","protected":false},"author":96,"featured_media":0,"comment_status":"closed","ping_status":"closed","sticky":false,"template":"","format":"standard","meta":{"footnotes":""},"categories":[307],"tags":[],"class_list":["post-218562","post","type-post","status-publish","format-standard","hentry","category-editais"],"_links":{"self":[{"href":"https:\/\/diarioregionaldigital.com.br\/index.php?rest_route=\/wp\/v2\/posts\/218562","targetHints":{"allow":["GET"]}}],"collection":[{"href":"https:\/\/diarioregionaldigital.com.br\/index.php?rest_route=\/wp\/v2\/posts"}],"about":[{"href":"https:\/\/diarioregionaldigital.com.br\/index.php?rest_route=\/wp\/v2\/types\/post"}],"author":[{"embeddable":true,"href":"https:\/\/diarioregionaldigital.com.br\/index.php?rest_route=\/wp\/v2\/users\/96"}],"replies":[{"embeddable":true,"href":"https:\/\/diarioregionaldigital.com.br\/index.php?rest_route=%2Fwp%2Fv2%2Fcomments&post=218562"}],"version-history":[{"count":1,"href":"https:\/\/diarioregionaldigital.com.br\/index.php?rest_route=\/wp\/v2\/posts\/218562\/revisions"}],"predecessor-version":[{"id":218563,"href":"https:\/\/diarioregionaldigital.com.br\/index.php?rest_route=\/wp\/v2\/posts\/218562\/revisions\/218563"}],"wp:attachment":[{"href":"https:\/\/diarioregionaldigital.com.br\/index.php?rest_route=%2Fwp%2Fv2%2Fmedia&parent=218562"}],"wp:term":[{"taxonomy":"category","embeddable":true,"href":"https:\/\/diarioregionaldigital.com.br\/index.php?rest_route=%2Fwp%2Fv2%2Fcategories&post=218562"},{"taxonomy":"post_tag","embeddable":true,"href":"https:\/\/diarioregionaldigital.com.br\/index.php?rest_route=%2Fwp%2Fv2%2Ftags&post=218562"}],"curies":[{"name":"wp","href":"https:\/\/api.w.org\/{rel}","templated":true}]}}