{"id":218557,"date":"2023-10-08T06:00:57","date_gmt":"2023-10-08T09:00:57","guid":{"rendered":"https:\/\/diarioregionaldigital.com.br\/?p=218557"},"modified":"2023-10-07T05:21:04","modified_gmt":"2023-10-07T08:21:04","slug":"aviso-companhia-loteadora-e-urbanizador-do-brasil-08-10-2023","status":"publish","type":"post","link":"https:\/\/diarioregionaldigital.com.br\/?p=218557","title":{"rendered":"Aviso &#8211; Companhia Loteadora e Urbanizador do Brasil &#8211; 08\/10\/2023"},"content":{"rendered":"<p style=\"text-align: center;\"><strong>AVISO<\/strong><\/p>\n<p style=\"text-align: center;\">Companhia Loteadora e Urbanizadora do Brasil Ltda, por determina\u00e7\u00e3o da Secretaria de Sustentabilidade em Meio Ambiente e Atividades Urbanas da PJF, torna p\u00fablico que obteve o Certificado de Licen\u00e7a Pr\u00e9via \u2013 LP n\u00ba 014\/2023, com data de 21 de junho de 2023, referente ao empreendimento Loteamento Recanto Verde, situado na Rua Verde Vale, s\/n\u00ba, bairro Vale do Amanhecer\/Linhares, Juiz de Fora (MG), vinculada ao processo eletr\u00f4nico n\u00ba 690\/2023.<\/p>\n","protected":false},"excerpt":{"rendered":"<p>AVISO Companhia Loteadora e Urbanizadora do Brasil Ltda, por determina\u00e7\u00e3o da Secretaria de Sustentabilidade em Meio Ambiente e Atividades Urbanas da PJF, torna p\u00fablico que obteve o Certificado de Licen\u00e7a Pr\u00e9via \u2013 LP n\u00ba 014\/2023, com data de 21 de junho de 2023, referente ao empreendimento Loteamento Recanto Verde, situado na Rua Verde Vale, s\/n\u00ba, [&hellip;]<\/p>\n","protected":false},"author":96,"featured_media":0,"comment_status":"closed","ping_status":"closed","sticky":false,"template":"","format":"standard","meta":{"footnotes":""},"categories":[307],"tags":[],"class_list":["post-218557","post","type-post","status-publish","format-standard","hentry","category-editais"],"_links":{"self":[{"href":"https:\/\/diarioregionaldigital.com.br\/index.php?rest_route=\/wp\/v2\/posts\/218557","targetHints":{"allow":["GET"]}}],"collection":[{"href":"https:\/\/diarioregionaldigital.com.br\/index.php?rest_route=\/wp\/v2\/posts"}],"about":[{"href":"https:\/\/diarioregionaldigital.com.br\/index.php?rest_route=\/wp\/v2\/types\/post"}],"author":[{"embeddable":true,"href":"https:\/\/diarioregionaldigital.com.br\/index.php?rest_route=\/wp\/v2\/users\/96"}],"replies":[{"embeddable":true,"href":"https:\/\/diarioregionaldigital.com.br\/index.php?rest_route=%2Fwp%2Fv2%2Fcomments&post=218557"}],"version-history":[{"count":1,"href":"https:\/\/diarioregionaldigital.com.br\/index.php?rest_route=\/wp\/v2\/posts\/218557\/revisions"}],"predecessor-version":[{"id":218558,"href":"https:\/\/diarioregionaldigital.com.br\/index.php?rest_route=\/wp\/v2\/posts\/218557\/revisions\/218558"}],"wp:attachment":[{"href":"https:\/\/diarioregionaldigital.com.br\/index.php?rest_route=%2Fwp%2Fv2%2Fmedia&parent=218557"}],"wp:term":[{"taxonomy":"category","embeddable":true,"href":"https:\/\/diarioregionaldigital.com.br\/index.php?rest_route=%2Fwp%2Fv2%2Fcategories&post=218557"},{"taxonomy":"post_tag","embeddable":true,"href":"https:\/\/diarioregionaldigital.com.br\/index.php?rest_route=%2Fwp%2Fv2%2Ftags&post=218557"}],"curies":[{"name":"wp","href":"https:\/\/api.w.org\/{rel}","templated":true}]}}