{"id":218516,"date":"2023-10-06T01:02:51","date_gmt":"2023-10-06T04:02:51","guid":{"rendered":"https:\/\/diarioregionaldigital.com.br\/?p=218516"},"modified":"2023-10-06T01:02:51","modified_gmt":"2023-10-06T04:02:51","slug":"harmoniza-festival-de-vinhos-e-queijos-do-caminho-novo-comeca-na-sexta-com-apoio-da-pjf","status":"publish","type":"post","link":"https:\/\/diarioregionaldigital.com.br\/?p=218516","title":{"rendered":"Harmoniza: Festival de Vinhos e Queijos do Caminho Novo come\u00e7a na sexta com apoio da PJF"},"content":{"rendered":"<p>Segundo informa\u00e7\u00f5es do site da Prefeitura de Juiz de Fora (PJF), Come\u00e7a nesta sexta-feira, 6, o Harmoniza: I Festival de Vinhos e Queijos do Caminho Novo, no estacionamento do Shopping Jardim Norte. O evento, apoiado pela Prefeitura de Juiz de Fora (PJF) por meio do Edital de Fomento a Projetos Tur\u00edsticos da Secretaria de Turismo (Setur), ter\u00e1 vinhos diversos e queijos produzidos na regi\u00e3o. Haver\u00e1 mini-workshop, gratuitos, de harmoniza\u00e7\u00e3o de queijos e vinhos com especialistas convidados pelo Instituto de Latic\u00ednios C\u00e2ndido Tostes (ILCT). Haver\u00e1 tamb\u00e9m cozinha-show com os chefs Tiago Caiafa, Jo\u00e3o Simoncini e Yury Feliciano.<\/p>\n<p>O evento ser\u00e1 de 14h \u00e0s 22h na sexta-feira e no s\u00e1bado. J\u00e1 no domingo ocorrer\u00e1 de meio-dia \u00e0s 20h. Haver\u00e1 queijos dos produtores do Arranjo Produtivo Local (APL) do Queijo Minas do Caminho Novo, al\u00e9m de latic\u00ednios Esta\u00e7\u00e3o, de Santos Dumont e Serra Negra, de Lima Duarte. A Vero Vino trabalhar\u00e1 com os vinhos e ainda haver\u00e1 pizza cervejas do Mr. Tugas. Para a crian\u00e7ada foi criado um espa\u00e7o kids com infl\u00e1veis e outras atra\u00e7\u00f5es.<\/p>\n<p>Est\u00e3o programados shows com Pablo Davi, Madhu e o DJs\u00a0 Madera e Will. Haver\u00e1 tamb\u00e9m bingo do queijo, restaurantes e bares para maior comodidade dos visitantes. O evento conta ainda com o apoio do Servi\u00e7o Nacional de Aprendizagem\u00a0 Rural (Senar); Empresa de Pesquisa Agropecu\u00e1ria de Minas Gerais (Epamig), Sindicato dos Hot\u00e9is, Bares, Restaurantes e Similares, SICREDI e Juiz de Fora Convention &amp; Visitors Bureau.<\/p>\n","protected":false},"excerpt":{"rendered":"<p>Segundo informa\u00e7\u00f5es do site da Prefeitura de Juiz de Fora (PJF), Come\u00e7a nesta sexta-feira, 6, o Harmoniza: I Festival de Vinhos e Queijos do Caminho Novo, no estacionamento do Shopping Jardim Norte. O evento, apoiado pela Prefeitura de Juiz de Fora (PJF) por meio do Edital de Fomento a Projetos Tur\u00edsticos da Secretaria de Turismo [&hellip;]<\/p>\n","protected":false},"author":246,"featured_media":218517,"comment_status":"closed","ping_status":"closed","sticky":false,"template":"","format":"standard","meta":{"footnotes":""},"categories":[253,436,440,439],"tags":[],"class_list":["post-218516","post","type-post","status-publish","format-standard","has-post-thumbnail","hentry","category-cidade","category-destaque-da-semana","category-destaques-do-dia","category-ultima-hora"],"_links":{"self":[{"href":"https:\/\/diarioregionaldigital.com.br\/index.php?rest_route=\/wp\/v2\/posts\/218516","targetHints":{"allow":["GET"]}}],"collection":[{"href":"https:\/\/diarioregionaldigital.com.br\/index.php?rest_route=\/wp\/v2\/posts"}],"about":[{"href":"https:\/\/diarioregionaldigital.com.br\/index.php?rest_route=\/wp\/v2\/types\/post"}],"author":[{"embeddable":true,"href":"https:\/\/diarioregionaldigital.com.br\/index.php?rest_route=\/wp\/v2\/users\/246"}],"replies":[{"embeddable":true,"href":"https:\/\/diarioregionaldigital.com.br\/index.php?rest_route=%2Fwp%2Fv2%2Fcomments&post=218516"}],"version-history":[{"count":1,"href":"https:\/\/diarioregionaldigital.com.br\/index.php?rest_route=\/wp\/v2\/posts\/218516\/revisions"}],"predecessor-version":[{"id":218518,"href":"https:\/\/diarioregionaldigital.com.br\/index.php?rest_route=\/wp\/v2\/posts\/218516\/revisions\/218518"}],"wp:featuredmedia":[{"embeddable":true,"href":"https:\/\/diarioregionaldigital.com.br\/index.php?rest_route=\/wp\/v2\/media\/218517"}],"wp:attachment":[{"href":"https:\/\/diarioregionaldigital.com.br\/index.php?rest_route=%2Fwp%2Fv2%2Fmedia&parent=218516"}],"wp:term":[{"taxonomy":"category","embeddable":true,"href":"https:\/\/diarioregionaldigital.com.br\/index.php?rest_route=%2Fwp%2Fv2%2Fcategories&post=218516"},{"taxonomy":"post_tag","embeddable":true,"href":"https:\/\/diarioregionaldigital.com.br\/index.php?rest_route=%2Fwp%2Fv2%2Ftags&post=218516"}],"curies":[{"name":"wp","href":"https:\/\/api.w.org\/{rel}","templated":true}]}}