{"id":218510,"date":"2023-10-06T00:45:07","date_gmt":"2023-10-06T03:45:07","guid":{"rendered":"https:\/\/diarioregionaldigital.com.br\/?p=218510"},"modified":"2023-10-06T00:45:07","modified_gmt":"2023-10-06T03:45:07","slug":"boca-derrota-palmeiras-nos-penaltis-e-chega-a-final-da-libertadores","status":"publish","type":"post","link":"https:\/\/diarioregionaldigital.com.br\/?p=218510","title":{"rendered":"Boca derrota Palmeiras nos p\u00eanaltis e chega \u00e0 final da Libertadores"},"content":{"rendered":"<p>O Boca Juniors (Argentina) ser\u00e1 o advers\u00e1rio do Fluminense na decis\u00e3o da Copa Libertadores. A vaga dos argentinos foi alcan\u00e7ada, na noite desta quinta-feira (5) no Allianz Parque, com uma vit\u00f3ria sobre o Verd\u00e3o de 4 a 2 na disputa de p\u00eanaltis, ap\u00f3s igualdade de 1 a 1 no tempo regulamentar. No confronto de ida das semifinais, na Bombonera na \u00faltima semana, o placar ficou no 0 a 0.<img decoding=\"async\" src=\"https:\/\/agenciabrasil.ebc.com.br\/ebc.png?id=1559515&amp;o=node\" \/><img decoding=\"async\" src=\"https:\/\/agenciabrasil.ebc.com.br\/ebc.gif?id=1559515&amp;o=node\" \/><\/p>\n<p>Desta forma o Tricolor das Laranjeiras (que garantiu a vaga na decis\u00e3o ao derrotar o Internacional em Porto Alegre) e o Boca Juniors definir\u00e3o quem fica com o trof\u00e9u da principal competi\u00e7\u00e3o de clubes da Am\u00e9rica do Sul no dia 4 de novembro no est\u00e1dio do Maracan\u00e3, no Rio de Janeiro.<\/p>\n<p>A equipe argentina chega \u00e0 sua 12\u00aa final de Libertadores, a primeira desde 2018, empatando todos os confrontos do mata-mata: contra o Nacional (Uruguai) nas oitavas, o Racing (Argentina) nas quartas e o Palmeiras na semifinal.<\/p>\n<p>Jogando em casa, o Palmeiras conseguiu manter uma maior posse de bola, mas que acabou sendo pouco efetiva, pois criou poucas oportunidades de gol, dois chutes de longa dist\u00e2ncia do volante Gabriel Menino. J\u00e1 o Boca se fechou na defesa e apostou nas transi\u00e7\u00f5es r\u00e1pidas da defesa para o ataque. E foi desta forma que os argentinos abriram o placar aos 22 minutos, quando Merentiel se livrou do zagueiro Gustavo G\u00f3mez, invadiu a \u00e1rea e rolou na medida para Cavani apenas conferir de primeira.<\/p>\n<p>A equipe comandada pelo t\u00e9cnico portugu\u00eas Abel Ferreira s\u00f3 passou a conseguiu criar mais aos 21 minutos da etapa final, quando o zagueiro Marcos Rojo foi expulso ap\u00f3s receber o segundo cart\u00e3o amarelo na partida. Com um homem a menos o Boca passou a dar mais espa\u00e7os para as a\u00e7\u00f5es ofensivas do Verd\u00e3o.<\/p>\n<p>Com isso, aos 27 minutos o Verd\u00e3o conseguiu chegar \u00e0 igualdade, quando o lateral Piquerez acertou chute muito forte da intermedi\u00e1ria para superar o goleiro Sergio Romero.<\/p>\n<p>Se no lance do gol do empate do Palmeiras o arqueiro argentino deu a impress\u00e3o de que falhou ao saltar um pouco atrasado, na disputa de p\u00eanaltis ele brilhou defendendo as cobran\u00e7as de Raphael Veiga e de Gustavo G\u00f3mez para ajudar o Boca Juniors a superar o Verd\u00e3o por 4 a 2 nas penalidades m\u00e1ximas, nas quais Weverton chegou a defender a cobran\u00e7a de Cavani.<\/p>\n<p><span style=\"font-weight: 400;\">Fonte: Ag\u00eancia Brasil <\/span><\/p>\n","protected":false},"excerpt":{"rendered":"<p>O Boca Juniors (Argentina) ser\u00e1 o advers\u00e1rio do Fluminense na decis\u00e3o da Copa Libertadores. A vaga dos argentinos foi alcan\u00e7ada, na noite desta quinta-feira (5) no Allianz Parque, com uma vit\u00f3ria sobre o Verd\u00e3o de 4 a 2 na disputa de p\u00eanaltis, ap\u00f3s igualdade de 1 a 1 no tempo regulamentar. No confronto de ida [&hellip;]<\/p>\n","protected":false},"author":246,"featured_media":218511,"comment_status":"closed","ping_status":"closed","sticky":false,"template":"","format":"standard","meta":{"footnotes":""},"categories":[436,440,257,439],"tags":[],"class_list":["post-218510","post","type-post","status-publish","format-standard","has-post-thumbnail","hentry","category-destaque-da-semana","category-destaques-do-dia","category-esporte","category-ultima-hora"],"_links":{"self":[{"href":"https:\/\/diarioregionaldigital.com.br\/index.php?rest_route=\/wp\/v2\/posts\/218510","targetHints":{"allow":["GET"]}}],"collection":[{"href":"https:\/\/diarioregionaldigital.com.br\/index.php?rest_route=\/wp\/v2\/posts"}],"about":[{"href":"https:\/\/diarioregionaldigital.com.br\/index.php?rest_route=\/wp\/v2\/types\/post"}],"author":[{"embeddable":true,"href":"https:\/\/diarioregionaldigital.com.br\/index.php?rest_route=\/wp\/v2\/users\/246"}],"replies":[{"embeddable":true,"href":"https:\/\/diarioregionaldigital.com.br\/index.php?rest_route=%2Fwp%2Fv2%2Fcomments&post=218510"}],"version-history":[{"count":1,"href":"https:\/\/diarioregionaldigital.com.br\/index.php?rest_route=\/wp\/v2\/posts\/218510\/revisions"}],"predecessor-version":[{"id":218512,"href":"https:\/\/diarioregionaldigital.com.br\/index.php?rest_route=\/wp\/v2\/posts\/218510\/revisions\/218512"}],"wp:featuredmedia":[{"embeddable":true,"href":"https:\/\/diarioregionaldigital.com.br\/index.php?rest_route=\/wp\/v2\/media\/218511"}],"wp:attachment":[{"href":"https:\/\/diarioregionaldigital.com.br\/index.php?rest_route=%2Fwp%2Fv2%2Fmedia&parent=218510"}],"wp:term":[{"taxonomy":"category","embeddable":true,"href":"https:\/\/diarioregionaldigital.com.br\/index.php?rest_route=%2Fwp%2Fv2%2Fcategories&post=218510"},{"taxonomy":"post_tag","embeddable":true,"href":"https:\/\/diarioregionaldigital.com.br\/index.php?rest_route=%2Fwp%2Fv2%2Ftags&post=218510"}],"curies":[{"name":"wp","href":"https:\/\/api.w.org\/{rel}","templated":true}]}}