{"id":218498,"date":"2023-10-06T00:10:01","date_gmt":"2023-10-06T03:10:01","guid":{"rendered":"https:\/\/diarioregionaldigital.com.br\/?p=218498"},"modified":"2023-10-06T00:10:01","modified_gmt":"2023-10-06T03:10:01","slug":"dieese-preco-da-cesta-basica-cai-em-14-de-17-capitais-pesquisadas","status":"publish","type":"post","link":"https:\/\/diarioregionaldigital.com.br\/?p=218498","title":{"rendered":"Dieese: pre\u00e7o da cesta b\u00e1sica cai em 14 de 17 capitais pesquisadas"},"content":{"rendered":"<p>O pre\u00e7o da cesta b\u00e1sica de alimentos caiu em 14 capitais do pa\u00eds no m\u00eas de setembro em compara\u00e7\u00e3o a agosto. As maiores quedas ocorreram em Bras\u00edlia (-4,03%), Porto Alegre (-2,4%), e Campo Grande (-2,3%). As principais eleva\u00e7\u00f5es ocorreram em Vit\u00f3ria (3,1%), Natal (3%) e Florian\u00f3polis (0,5%). Os dados, divulgados hoje (5), s\u00e3o do Departamento Intersindical de Estat\u00edstica e Estudos Socioecon\u00f4micos (Dieese), que pesquisa mensalmente o pre\u00e7o da cesta de alimentos em 17 capitais.<img decoding=\"async\" src=\"https:\/\/agenciabrasil.ebc.com.br\/ebc.png?id=1559391&amp;o=node\" \/><img decoding=\"async\" src=\"https:\/\/agenciabrasil.ebc.com.br\/ebc.gif?id=1559391&amp;o=node\" \/><\/p>\n<p>Florian\u00f3polis foi a capital onde o conjunto dos alimentos b\u00e1sicos apresentou o maior custo: R$ 747,64, seguida de Porto Alegre (R$ 741,71), S\u00e3o Paulo (R$ 734,77) e do Rio de Janeiro (R$ 719,92). Os menores valores foram registrados em Aracaju (R$ 532,34), Jo\u00e3o Pessoa (R$ 562,60) e Recife (R$ 570,20).<\/p>\n<p>Comparando o pre\u00e7o da cesta b\u00e1sica de setembro de 2023 com o do mesmo m\u00eas de 2022, houve queda em oito capitais, com varia\u00e7\u00f5es que oscilaram entre -4,9%, em Campo Grande, e -0,3%, em Porto Alegre. Nove capitais apresentaram eleva\u00e7\u00e3o no pre\u00e7o, com destaque para os percentuais de Fortaleza (3,1%), Natal (3%) e Aracaju (2,6%).<\/p>\n<p>No acumulado dos nove primeiros meses do ano (de janeiro a setembro), o custo da cesta b\u00e1sica caiu em 12 capitais, com destaque para as quedas em Goi\u00e2nia (-10,4%), Campo Grande (-9,2%)\u00a0e Bras\u00edlia (-9,1%). Os maiores aumentos foram registrados em Natal\u00a0 (2,5%), Aracaju (2,1%) e Recife (0,9%).<\/p>\n<p>Com base na cesta mais cara que, em setembro, foi a de Florian\u00f3polis, e levando em considera\u00e7\u00e3o a determina\u00e7\u00e3o constitucional de que o sal\u00e1rio m\u00ednimo deveria ser suficiente para suprir as despesas da fam\u00edlia de um trabalhador com alimenta\u00e7\u00e3o, moradia, sa\u00fade, educa\u00e7\u00e3o, vestu\u00e1rio, higiene, transporte, lazer e previd\u00eancia, o Dieese estima que o valor do sal\u00e1rio m\u00ednimo necess\u00e1rio, no nono m\u00eas do ano, deveria ter sido R$ 6.280,93 ou 4,76 vezes o m\u00ednimo de R$ 1.320,00.<\/p>\n<h2>Produtos<\/h2>\n<p>O pre\u00e7o da carne bovina de primeira caiu em 15 das 17 capitais pesquisadas; o do leite integral e da manteiga registraram queda em 14; o do feij\u00e3o carioquinha diminuiu em todos os locais onde \u00e9 pesquisado (Norte, Nordeste, Centro-Oeste, Belo Horizonte e S\u00e3o Paulo); o do caf\u00e9 em p\u00f3, reduziu em 13 das 17 capitais, e o da batata caiu em todas as dez cidades onde \u00e9 pesquisado, no Centro-Sul.<\/p>\n<p>J\u00e1 o pre\u00e7o do feij\u00e3o tipo preto subiu em quatro das cinco capitais onde \u00e9 pesquisado (regi\u00e3o Sul, Rio de Janeiro e Esp\u00edrito Santo), assim como o do arroz agulhinha, que aumentou em 15 das 17 capitais pesquisadas.<\/p>\n<p><span style=\"font-weight: 400;\">Fonte: Ag\u00eancia Brasil <\/span><\/p>\n","protected":false},"excerpt":{"rendered":"<p>O pre\u00e7o da cesta b\u00e1sica de alimentos caiu em 14 capitais do pa\u00eds no m\u00eas de setembro em compara\u00e7\u00e3o a agosto. As maiores quedas ocorreram em Bras\u00edlia (-4,03%), Porto Alegre (-2,4%), e Campo Grande (-2,3%). As principais eleva\u00e7\u00f5es ocorreram em Vit\u00f3ria (3,1%), Natal (3%) e Florian\u00f3polis (0,5%). Os dados, divulgados hoje (5), s\u00e3o do Departamento [&hellip;]<\/p>\n","protected":false},"author":246,"featured_media":218499,"comment_status":"closed","ping_status":"closed","sticky":false,"template":"","format":"standard","meta":{"footnotes":""},"categories":[436,440,261,439],"tags":[],"class_list":["post-218498","post","type-post","status-publish","format-standard","has-post-thumbnail","hentry","category-destaque-da-semana","category-destaques-do-dia","category-economia","category-ultima-hora"],"_links":{"self":[{"href":"https:\/\/diarioregionaldigital.com.br\/index.php?rest_route=\/wp\/v2\/posts\/218498","targetHints":{"allow":["GET"]}}],"collection":[{"href":"https:\/\/diarioregionaldigital.com.br\/index.php?rest_route=\/wp\/v2\/posts"}],"about":[{"href":"https:\/\/diarioregionaldigital.com.br\/index.php?rest_route=\/wp\/v2\/types\/post"}],"author":[{"embeddable":true,"href":"https:\/\/diarioregionaldigital.com.br\/index.php?rest_route=\/wp\/v2\/users\/246"}],"replies":[{"embeddable":true,"href":"https:\/\/diarioregionaldigital.com.br\/index.php?rest_route=%2Fwp%2Fv2%2Fcomments&post=218498"}],"version-history":[{"count":1,"href":"https:\/\/diarioregionaldigital.com.br\/index.php?rest_route=\/wp\/v2\/posts\/218498\/revisions"}],"predecessor-version":[{"id":218500,"href":"https:\/\/diarioregionaldigital.com.br\/index.php?rest_route=\/wp\/v2\/posts\/218498\/revisions\/218500"}],"wp:featuredmedia":[{"embeddable":true,"href":"https:\/\/diarioregionaldigital.com.br\/index.php?rest_route=\/wp\/v2\/media\/218499"}],"wp:attachment":[{"href":"https:\/\/diarioregionaldigital.com.br\/index.php?rest_route=%2Fwp%2Fv2%2Fmedia&parent=218498"}],"wp:term":[{"taxonomy":"category","embeddable":true,"href":"https:\/\/diarioregionaldigital.com.br\/index.php?rest_route=%2Fwp%2Fv2%2Fcategories&post=218498"},{"taxonomy":"post_tag","embeddable":true,"href":"https:\/\/diarioregionaldigital.com.br\/index.php?rest_route=%2Fwp%2Fv2%2Ftags&post=218498"}],"curies":[{"name":"wp","href":"https:\/\/api.w.org\/{rel}","templated":true}]}}