{"id":218477,"date":"2023-10-04T20:34:43","date_gmt":"2023-10-04T23:34:43","guid":{"rendered":"https:\/\/diarioregionaldigital.com.br\/?p=218477"},"modified":"2023-10-04T20:34:43","modified_gmt":"2023-10-04T23:34:43","slug":"trecho-do-alto-grajau-recebe-linha-de-onibus-pela-primeira-vez","status":"publish","type":"post","link":"https:\/\/diarioregionaldigital.com.br\/?p=218477","title":{"rendered":"Trecho do Alto Graja\u00fa recebe linha de \u00f4nibus pela primeira vez"},"content":{"rendered":"<p>Segundo informa\u00e7\u00f5es do site da Prefeitura de Juiz de Fora (PJF), a linha 408 &#8211; Alto Graja\u00fa\/Via Rosa Sffeir, criada pela Prefeitura de Juiz de Fora, por meio da Secretaria de Mobilidade Urbana (SMU), come\u00e7ou a circular no \u00faltimo domingo, 1\u00ba. \u00c9 a primeira vez em toda a hist\u00f3ria do bairro que as ruas Rosa Sffeir e Izabel Pierre Feital recebem o atendimento total do transporte p\u00fablico urbano. O trajeto da nova linha \u00e9 realizado por um micro-\u00f4nibus, pois, como as vias s\u00e3o estreitas e \u00edngremes, n\u00e3o h\u00e1 viabilidade t\u00e9cnica para circula\u00e7\u00e3o do \u00f4nibus tradicional.<\/p>\n<p>\u201cA nossa ficha n\u00e3o caiu at\u00e9 hoje, fica todo mundo olhando o \u00f4nibus passar o dia inteiro, ningu\u00e9m acredita que este \u00f4nibus est\u00e1 circulando. O povo est\u00e1 uma loucura no bairro, adorando demais, porque nunca teve \u00f4nibus, desde a constru\u00e7\u00e3o do bairro. Moro l\u00e1 desde que nasci, em 1959\u201d, relata o morador do Alto Graja\u00fa, Francisco de Assis Beato.<\/p>\n<p>O atendimento pela nova linha \u00e9 realizado no bairro em todos os dias da semana. O quadro de hor\u00e1rio pode ser conferido no Portal da Prefeitura de Juiz de Fora, no link\u00a0<a href=\"https:\/\/www.pjf.mg.gov.br\/onibus\/itinerario\/index.php\"><strong>Infotras<\/strong><\/a>.<\/p>\n<p><strong>Confira abaixo o itiner\u00e1rio da linha 408:<\/strong><\/p>\n<p>Sentido bairro\/Centro: Rua Wadih Abdo Farah n\u00ba 50 (ponto final), Rua Miguel Jacob, Rua Jo\u00e3o Zanini, Rua Izabel Pierre Feital, Rua Rosa Sffeir, Rua Nossa Senhora do L\u00edbano, Rua Vitorino<\/p>\n<p>Braga, Avenida Garibaldi Campinhos, Rua Benjamin Constant, Av. Brasil, Viaduto Augusto Franco, Rua Francisco Bernardino, Rua S\u00e3o Sebasti\u00e3o, Avenida Get\u00falio Vargas n\u00ba 763 (ponto final).<\/p>\n<p>Sentido Centro\/bairro: Avenida Get\u00falio Vargas n\u00ba 763 (ponto final), Travessa Dr. Prisco, Rua Francisco Bernardino, Viaduto Arquiteto H\u00e9lio Fadel Ara\u00fajo, Avenida Garibaldi Campinhos, Rua Professor Lander, Rua do Monte, Rua Nossa Senhora do L\u00edbano, Rua Rosa Sffeir, Retorna na Rua Miguel Jacob, Rua Rosa Sffeir, Rua Izabel Pierre Feital, Rua Ant\u00f4nio Coimbra, Rua Nossa Senhora do L\u00edbano, retorna na rotat\u00f3ria com a Rua Francisco Falci, Rua Batista de Andrade, Rua Alvina de Ara\u00fajo Alves, Rua Dr. Leonel Jaguaribe, Rua Miguel Jacob, Rua Wadih Abdo Farah n\u00ba 50 (ponto final).<\/p>\n","protected":false},"excerpt":{"rendered":"<p>Segundo informa\u00e7\u00f5es do site da Prefeitura de Juiz de Fora (PJF), a linha 408 &#8211; Alto Graja\u00fa\/Via Rosa Sffeir, criada pela Prefeitura de Juiz de Fora, por meio da Secretaria de Mobilidade Urbana (SMU), come\u00e7ou a circular no \u00faltimo domingo, 1\u00ba. \u00c9 a primeira vez em toda a hist\u00f3ria do bairro que as ruas Rosa [&hellip;]<\/p>\n","protected":false},"author":246,"featured_media":218478,"comment_status":"closed","ping_status":"closed","sticky":false,"template":"","format":"standard","meta":{"footnotes":""},"categories":[253,436,439],"tags":[],"class_list":["post-218477","post","type-post","status-publish","format-standard","has-post-thumbnail","hentry","category-cidade","category-destaque-da-semana","category-ultima-hora"],"_links":{"self":[{"href":"https:\/\/diarioregionaldigital.com.br\/index.php?rest_route=\/wp\/v2\/posts\/218477","targetHints":{"allow":["GET"]}}],"collection":[{"href":"https:\/\/diarioregionaldigital.com.br\/index.php?rest_route=\/wp\/v2\/posts"}],"about":[{"href":"https:\/\/diarioregionaldigital.com.br\/index.php?rest_route=\/wp\/v2\/types\/post"}],"author":[{"embeddable":true,"href":"https:\/\/diarioregionaldigital.com.br\/index.php?rest_route=\/wp\/v2\/users\/246"}],"replies":[{"embeddable":true,"href":"https:\/\/diarioregionaldigital.com.br\/index.php?rest_route=%2Fwp%2Fv2%2Fcomments&post=218477"}],"version-history":[{"count":1,"href":"https:\/\/diarioregionaldigital.com.br\/index.php?rest_route=\/wp\/v2\/posts\/218477\/revisions"}],"predecessor-version":[{"id":218479,"href":"https:\/\/diarioregionaldigital.com.br\/index.php?rest_route=\/wp\/v2\/posts\/218477\/revisions\/218479"}],"wp:featuredmedia":[{"embeddable":true,"href":"https:\/\/diarioregionaldigital.com.br\/index.php?rest_route=\/wp\/v2\/media\/218478"}],"wp:attachment":[{"href":"https:\/\/diarioregionaldigital.com.br\/index.php?rest_route=%2Fwp%2Fv2%2Fmedia&parent=218477"}],"wp:term":[{"taxonomy":"category","embeddable":true,"href":"https:\/\/diarioregionaldigital.com.br\/index.php?rest_route=%2Fwp%2Fv2%2Fcategories&post=218477"},{"taxonomy":"post_tag","embeddable":true,"href":"https:\/\/diarioregionaldigital.com.br\/index.php?rest_route=%2Fwp%2Fv2%2Ftags&post=218477"}],"curies":[{"name":"wp","href":"https:\/\/api.w.org\/{rel}","templated":true}]}}