{"id":218470,"date":"2023-10-04T20:07:13","date_gmt":"2023-10-04T23:07:13","guid":{"rendered":"https:\/\/diarioregionaldigital.com.br\/?p=218470"},"modified":"2023-10-04T20:07:13","modified_gmt":"2023-10-04T23:07:13","slug":"internacional-e-fluminense-duelam-por-vaga-na-final-da-libertadores","status":"publish","type":"post","link":"https:\/\/diarioregionaldigital.com.br\/?p=218470","title":{"rendered":"Internacional e Fluminense duelam por vaga na final da Libertadores"},"content":{"rendered":"<p>Internacional e Fluminense medem for\u00e7as, a partir das 21h30 (hor\u00e1rio de Bras\u00edlia) desta quarta-feira (4) no est\u00e1dio Beira-Rio, em Porto Alegre, pela volta das semifinais da Copa Libertadores. A\u00a0<strong>R\u00e1dio Nacional<\/strong>\u00a0transmite ao vivo o confronto que define o primeiro finalista da atual edi\u00e7\u00e3o da competi\u00e7\u00e3o continental.<img decoding=\"async\" src=\"https:\/\/agenciabrasil.ebc.com.br\/ebc.png?id=1558995&amp;o=node\" \/><img decoding=\"async\" src=\"https:\/\/agenciabrasil.ebc.com.br\/ebc.gif?id=1558995&amp;o=node\" \/><\/p>\n<p>Ap\u00f3s um eletrizante empate por 2 a 2 no confronto de ida, no Maracan\u00e3, as equipes ficam novamente frente a frente. Agora, quem vencer passa \u00e0 final. Em caso de nova igualdade, a vaga ser\u00e1 decidida na disputa de p\u00eanaltis. O outro finalista da Libertadores sai do confronto entre Palmeiras e Boca Juniors (Artentino), que ser\u00e1 disputado na pr\u00f3xima quinta-feira (5).<\/p>\n<p>O Internacional chega com a vantagem de disputar a partida decisiva diante de sua apaixonada torcida. Os colorados est\u00e3o confiantes e esperam uma vit\u00f3ria que leve a equipe do Rio Grande do Sul a uma nova decis\u00e3o continental ap\u00f3s um hiato de 13 anos. A \u00faltima final de Libertadores que o clube ga\u00facho disputou foi justamente a \u00faltima que venceu: em 2010, contra o Chivas (M\u00e9xico).<\/p>\n<p>No \u00faltimo final de semana o Inter poupou seus titulares para enfrentar o Atl\u00e9tico-MG pelo Campeonato Brasileiro, e perdeu em casa como consequ\u00eancia disso. Num jogo pegado contra o Galo, o Colorado foi derrotado por 2 a 0. Por\u00e9m, o rev\u00e9s n\u00e3o tr\u00e1s des\u00e2nimo diante do confronto hist\u00f3rico desta quarta-feira.<\/p>\n<p>O Beira-Rio estar\u00e1 lotado no confronto decisivo, j\u00e1 que todos os ingressos foram vendidos. A expectativa \u00e9 de mais de um p\u00fablico de mais de 50 mil torcedores. Para esta partida o t\u00e9cnico argentino Eduardo Coudet deve repetir a equipe que entrou em campo na ida, com: Rochet; Hugo Mallo, Vit\u00e3o, Mercado e Ren\u00ea; Johnny, Ar\u00e1nguiz, Mauricio e Alan Patrick; Wanderson e Enner Valencia.<\/p>\n<p>Do outro lado do gramado estar\u00e1 um Fluminense que mostrou poder de rea\u00e7\u00e3o na partida de ida, pois buscou o empate mesmo estando com um jogador a menos. E o grande respons\u00e1vel pela recupera\u00e7\u00e3o do Tricolor foi o artilheiro Germ\u00e1n Cano. O argentino, al\u00e9m de ser o goleador m\u00e1ximo dentre os jogadores que atuam no Brasil, tamb\u00e9m \u00e9 o artilheiro desta edi\u00e7\u00e3o da Libertadores, com 11 gols at\u00e9 o momento. Al\u00e9m disso, o camisa 14 do time das Laranjeiras est\u00e1 apenas a um gol de igualar Fred, o maior artilheiro da equipe carioca na hist\u00f3ria da competi\u00e7\u00e3o, com 15 gols.<\/p>\n<p>Pensando no confronto decisivo com o Inter, o t\u00e9cnico Fernando Diniz mandou os reservas a campo no \u00faltimo s\u00e1bado (30) para enfrentar o Cuiab\u00e1 pelo Campeonato Brasileiro. O Tricolor perdeu pelo placar de 3 a 0 em jogo que os titulares sequer viajaram.<\/p>\n<p>Sem poder contar com o lateral-direito Samuel Xavier, expulso no jogo de ida, Diniz deve escalar Guga na posi\u00e7\u00e3o. Outro desfalque do Tricolor \u00e9 o zagueiro David Braz, que sequer foi relacionado por conta de uma entorse no joelho. J\u00e1 os zagueiros Nino e Felipe Melo, al\u00e9m do atacante John Kennedy, est\u00e3o pendurados. Portanto se forem amarelados nesta quarta n\u00e3o jogar\u00e3o a final caso o Flu avance.<\/p>\n<p>J\u00e1 o Fluminense deve ir a campo com: F\u00e1bio; Guga, Nino, Felipe Melo e Marcelo; Andr\u00e9, Alexsander (John Kennedy) e Ganso; Keno, Arias e Cano.<\/p>\n<p><span style=\"font-weight: 400;\">Fonte: Ag\u00eancia Brasil <\/span><\/p>\n","protected":false},"excerpt":{"rendered":"<p>Internacional e Fluminense medem for\u00e7as, a partir das 21h30 (hor\u00e1rio de Bras\u00edlia) desta quarta-feira (4) no est\u00e1dio Beira-Rio, em Porto Alegre, pela volta das semifinais da Copa Libertadores. A\u00a0R\u00e1dio Nacional\u00a0transmite ao vivo o confronto que define o primeiro finalista da atual edi\u00e7\u00e3o da competi\u00e7\u00e3o continental. Ap\u00f3s um eletrizante empate por 2 a 2 no confronto [&hellip;]<\/p>\n","protected":false},"author":246,"featured_media":218471,"comment_status":"closed","ping_status":"closed","sticky":false,"template":"","format":"standard","meta":{"footnotes":""},"categories":[436,257,439],"tags":[],"class_list":["post-218470","post","type-post","status-publish","format-standard","has-post-thumbnail","hentry","category-destaque-da-semana","category-esporte","category-ultima-hora"],"_links":{"self":[{"href":"https:\/\/diarioregionaldigital.com.br\/index.php?rest_route=\/wp\/v2\/posts\/218470","targetHints":{"allow":["GET"]}}],"collection":[{"href":"https:\/\/diarioregionaldigital.com.br\/index.php?rest_route=\/wp\/v2\/posts"}],"about":[{"href":"https:\/\/diarioregionaldigital.com.br\/index.php?rest_route=\/wp\/v2\/types\/post"}],"author":[{"embeddable":true,"href":"https:\/\/diarioregionaldigital.com.br\/index.php?rest_route=\/wp\/v2\/users\/246"}],"replies":[{"embeddable":true,"href":"https:\/\/diarioregionaldigital.com.br\/index.php?rest_route=%2Fwp%2Fv2%2Fcomments&post=218470"}],"version-history":[{"count":1,"href":"https:\/\/diarioregionaldigital.com.br\/index.php?rest_route=\/wp\/v2\/posts\/218470\/revisions"}],"predecessor-version":[{"id":218472,"href":"https:\/\/diarioregionaldigital.com.br\/index.php?rest_route=\/wp\/v2\/posts\/218470\/revisions\/218472"}],"wp:featuredmedia":[{"embeddable":true,"href":"https:\/\/diarioregionaldigital.com.br\/index.php?rest_route=\/wp\/v2\/media\/218471"}],"wp:attachment":[{"href":"https:\/\/diarioregionaldigital.com.br\/index.php?rest_route=%2Fwp%2Fv2%2Fmedia&parent=218470"}],"wp:term":[{"taxonomy":"category","embeddable":true,"href":"https:\/\/diarioregionaldigital.com.br\/index.php?rest_route=%2Fwp%2Fv2%2Fcategories&post=218470"},{"taxonomy":"post_tag","embeddable":true,"href":"https:\/\/diarioregionaldigital.com.br\/index.php?rest_route=%2Fwp%2Fv2%2Ftags&post=218470"}],"curies":[{"name":"wp","href":"https:\/\/api.w.org\/{rel}","templated":true}]}}