{"id":218412,"date":"2023-10-03T22:56:29","date_gmt":"2023-10-04T01:56:29","guid":{"rendered":"https:\/\/diarioregionaldigital.com.br\/?p=218412"},"modified":"2023-10-03T22:56:29","modified_gmt":"2023-10-04T01:56:29","slug":"dolar-sobe-para-r-515-e-fecha-no-maior-valor-desde-marco","status":"publish","type":"post","link":"https:\/\/diarioregionaldigital.com.br\/?p=218412","title":{"rendered":"D\u00f3lar sobe para R$ 5,15 e fecha no maior valor desde mar\u00e7o"},"content":{"rendered":"<p>Em mais um dia de nervosismo no mercado global, o d\u00f3lar superou a barreira de R$ 5,15 e fechou no maior valor desde mar\u00e7o. A bolsa de valores caiu pelo segundo dia consecutivo e atingiu o n\u00edvel mais baixo em quatro meses.<img decoding=\"async\" src=\"https:\/\/agenciabrasil.ebc.com.br\/ebc.png?id=1558907&amp;o=node\" \/><img decoding=\"async\" src=\"https:\/\/agenciabrasil.ebc.com.br\/ebc.gif?id=1558907&amp;o=node\" \/><\/p>\n<p>O d\u00f3lar comercial encerrou esta ter\u00e7a-feira (3) vendido a R$ 5,154, com alta de R$ 0,088 (+1,73%). A cota\u00e7\u00e3o chegou a operar pr\u00f3ximo da estabilidade no in\u00edcio das negocia\u00e7\u00f5es, mas disparou ap\u00f3s a abertura do mercado norte-americano, at\u00e9 fechar pr\u00f3xima do valor m\u00e1ximo do dia.<\/p>\n<p>Com o desempenho desta ter\u00e7a, a moeda norte-americana acumula alta de 2,53% apenas nos dois primeiros dias \u00fateis de outubro. A divisa cai 2,38% em 2023.<\/p>\n<p>O dia tamb\u00e9m foi tenso no mercado de a\u00e7\u00f5es. O \u00edndice Ibovespa, da B3, fechou o dia aos 113.419 pontos, no menor patamar desde 5 de junho. Das 86 a\u00e7\u00f5es que comp\u00f5em o indicador, apenas nove subiram nesta ter\u00e7a-feira.<\/p>\n<p>O d\u00f3lar teve forte alta em todo o planeta ap\u00f3s a divulga\u00e7\u00e3o de um relat\u00f3rio preliminar que mostra que a economia norte-americana abriu, em setembro, cerca de 1 milh\u00e3o de vagas a mais do que o esperado. O dado refor\u00e7ou apostas de que o Federal Reserve (Fed, Banco Central norte-americano) suba os juros antes do fim do ano.<\/p>\n<p>Nesta ter\u00e7a-feira, as taxas dos t\u00edtulos de longo prazo do Tesouro norte-americano atingiram o maior n\u00edvel em 16 anos. Taxas mais altas em economias avan\u00e7adas estimulam a fuga de capital de pa\u00edses emergentes, como o Brasil.<\/p>\n<p>A\u00a0<strong>Ag\u00eancia Brasil<\/strong>\u00a0est\u00e1 dando as mat\u00e9rias sobre o fechamento do mercado financeiro apenas em ocasi\u00f5es extraordin\u00e1rias. A cota\u00e7\u00e3o do d\u00f3lar e o n\u00edvel da bolsa de valores n\u00e3o s\u00e3o mais informados todos os dias.<\/p>\n<p><span style=\"font-weight: 400;\">Fonte: Ag\u00eancia Brasil <\/span><\/p>\n","protected":false},"excerpt":{"rendered":"<p>Em mais um dia de nervosismo no mercado global, o d\u00f3lar superou a barreira de R$ 5,15 e fechou no maior valor desde mar\u00e7o. A bolsa de valores caiu pelo segundo dia consecutivo e atingiu o n\u00edvel mais baixo em quatro meses. O d\u00f3lar comercial encerrou esta ter\u00e7a-feira (3) vendido a R$ 5,154, com alta [&hellip;]<\/p>\n","protected":false},"author":246,"featured_media":218413,"comment_status":"closed","ping_status":"closed","sticky":false,"template":"","format":"standard","meta":{"footnotes":""},"categories":[436,261,439],"tags":[],"class_list":["post-218412","post","type-post","status-publish","format-standard","has-post-thumbnail","hentry","category-destaque-da-semana","category-economia","category-ultima-hora"],"_links":{"self":[{"href":"https:\/\/diarioregionaldigital.com.br\/index.php?rest_route=\/wp\/v2\/posts\/218412","targetHints":{"allow":["GET"]}}],"collection":[{"href":"https:\/\/diarioregionaldigital.com.br\/index.php?rest_route=\/wp\/v2\/posts"}],"about":[{"href":"https:\/\/diarioregionaldigital.com.br\/index.php?rest_route=\/wp\/v2\/types\/post"}],"author":[{"embeddable":true,"href":"https:\/\/diarioregionaldigital.com.br\/index.php?rest_route=\/wp\/v2\/users\/246"}],"replies":[{"embeddable":true,"href":"https:\/\/diarioregionaldigital.com.br\/index.php?rest_route=%2Fwp%2Fv2%2Fcomments&post=218412"}],"version-history":[{"count":1,"href":"https:\/\/diarioregionaldigital.com.br\/index.php?rest_route=\/wp\/v2\/posts\/218412\/revisions"}],"predecessor-version":[{"id":218414,"href":"https:\/\/diarioregionaldigital.com.br\/index.php?rest_route=\/wp\/v2\/posts\/218412\/revisions\/218414"}],"wp:featuredmedia":[{"embeddable":true,"href":"https:\/\/diarioregionaldigital.com.br\/index.php?rest_route=\/wp\/v2\/media\/218413"}],"wp:attachment":[{"href":"https:\/\/diarioregionaldigital.com.br\/index.php?rest_route=%2Fwp%2Fv2%2Fmedia&parent=218412"}],"wp:term":[{"taxonomy":"category","embeddable":true,"href":"https:\/\/diarioregionaldigital.com.br\/index.php?rest_route=%2Fwp%2Fv2%2Fcategories&post=218412"},{"taxonomy":"post_tag","embeddable":true,"href":"https:\/\/diarioregionaldigital.com.br\/index.php?rest_route=%2Fwp%2Fv2%2Ftags&post=218412"}],"curies":[{"name":"wp","href":"https:\/\/api.w.org\/{rel}","templated":true}]}}