{"id":218401,"date":"2023-10-03T00:10:45","date_gmt":"2023-10-03T03:10:45","guid":{"rendered":"https:\/\/diarioregionaldigital.com.br\/?p=218401"},"modified":"2023-10-03T00:10:45","modified_gmt":"2023-10-03T03:10:45","slug":"juiz-de-fora-gera-458-novos-empregos-em-agosto-e-chega-a-2-753-vagas-criadas-em-2023","status":"publish","type":"post","link":"https:\/\/diarioregionaldigital.com.br\/?p=218401","title":{"rendered":"Juiz de Fora gera 458 novos empregos em agosto e chega a 2.753 vagas criadas em 2023"},"content":{"rendered":"<p>Segundo informa\u00e7\u00f5es do site da Prefeitura de Juiz de Fora (PJF), Juiz de Fora gerou 458 postos de trabalho em agosto de 2023. O saldo \u00e9 resultado da diferen\u00e7a entre 5.645 admiss\u00f5es e 5.187 desligamentos realizados no per\u00edodo, conforme o Cadastro Geral de Empregados e Desempregados (Caged), divulgado nesta segunda-feira, 2, pelo Minist\u00e9rio do Trabalho e Emprego (MTE). No acumulado do ano, o saldo \u00e9 de 2.753 vagas criadas.<\/p>\n<div id=\"box_texto_noticia\">\n<p>&nbsp;<\/p>\n<p>Em agosto, o Estoque (total de v\u00ednculos celetistas) na cidade chegou a 138.274, crescimento de 0,33% em rela\u00e7\u00e3o ao m\u00eas imediatamente anterior, julho de 2023. Todos os setores apresentaram resultado positivo em agosto, exceto a Constru\u00e7\u00e3o, onde as demiss\u00f5es superaram as contrata\u00e7\u00f5es em 233 postos. O setor que mais empregou no m\u00eas foi o Servi\u00e7os, com saldo positivo de 279 postos de trabalho; seguido da Com\u00e9rcio, com 227; Ind\u00fastria, 181; e Agropecu\u00e1ria, 4.<br \/>\nEm rela\u00e7\u00e3o ao acumulado do ano, o setor de Servi\u00e7os criou 2.168 vagas; seguido pelo setor Industrial, 694; e Agropecu\u00e1ria, 13. No Com\u00e9rcio e na Constru\u00e7\u00e3o Civil, o n\u00famero de desligamentos supera as admiss\u00f5es em 42 e 80 postos, respectivamente.<br \/>\nO Brasil criou 220.844 empregos formais no m\u00eas de agosto. Em Minas Gerais, o saldo total de empregos tamb\u00e9m ficou positivo, 15.237.<br \/>\nTodos os setores apresentaram saldo positivo no pa\u00eds. J\u00e1 no estado, as contrata\u00e7\u00f5es superaram as demiss\u00f5es, exceto na Agropecu\u00e1ria, que sofreu uma queda consider\u00e1vel, menos 6.552 postos de trabalho. O valor representa um recuo de 2,12% no total de empregos para o setor em Minas.<br \/>\nPara o secret\u00e1rio de Desenvolvimento Sustent\u00e1vel e Inclusivo, da Inova\u00e7\u00e3o e Competitividade (Sedic), Ignacio Delgado, \u201c\u00e9\u00a0preciso converter aquilo que \u00e9 potencial em fator de desenvolvimento e gera\u00e7\u00e3o de renda e oportunidades de ocupa\u00e7\u00e3o para as pessoas. \u00c9 o que procuramos fazer com o esfor\u00e7o de aproxima\u00e7\u00e3o das nossas institui\u00e7\u00f5es de pesquisa com o setor produtivo, com o prop\u00f3sito de acentuar as atividades intensivas em tecnologia, de modo a poder transformar a estrutura produtiva de Juiz de Fora, tornando maiores e melhores as oportunidades de ocupa\u00e7\u00e3o para as pessoas que aqui vivem.\u201d<\/p>\n<\/div>\n<p>&nbsp;<\/p>\n<div id=\"box_compartilhar\" align=\"right\"><\/div>\n","protected":false},"excerpt":{"rendered":"<p>Segundo informa\u00e7\u00f5es do site da Prefeitura de Juiz de Fora (PJF), Juiz de Fora gerou 458 postos de trabalho em agosto de 2023. O saldo \u00e9 resultado da diferen\u00e7a entre 5.645 admiss\u00f5es e 5.187 desligamentos realizados no per\u00edodo, conforme o Cadastro Geral de Empregados e Desempregados (Caged), divulgado nesta segunda-feira, 2, pelo Minist\u00e9rio do Trabalho [&hellip;]<\/p>\n","protected":false},"author":246,"featured_media":218402,"comment_status":"closed","ping_status":"closed","sticky":false,"template":"","format":"standard","meta":{"footnotes":""},"categories":[253,436,439],"tags":[],"class_list":["post-218401","post","type-post","status-publish","format-standard","has-post-thumbnail","hentry","category-cidade","category-destaque-da-semana","category-ultima-hora"],"_links":{"self":[{"href":"https:\/\/diarioregionaldigital.com.br\/index.php?rest_route=\/wp\/v2\/posts\/218401","targetHints":{"allow":["GET"]}}],"collection":[{"href":"https:\/\/diarioregionaldigital.com.br\/index.php?rest_route=\/wp\/v2\/posts"}],"about":[{"href":"https:\/\/diarioregionaldigital.com.br\/index.php?rest_route=\/wp\/v2\/types\/post"}],"author":[{"embeddable":true,"href":"https:\/\/diarioregionaldigital.com.br\/index.php?rest_route=\/wp\/v2\/users\/246"}],"replies":[{"embeddable":true,"href":"https:\/\/diarioregionaldigital.com.br\/index.php?rest_route=%2Fwp%2Fv2%2Fcomments&post=218401"}],"version-history":[{"count":1,"href":"https:\/\/diarioregionaldigital.com.br\/index.php?rest_route=\/wp\/v2\/posts\/218401\/revisions"}],"predecessor-version":[{"id":218403,"href":"https:\/\/diarioregionaldigital.com.br\/index.php?rest_route=\/wp\/v2\/posts\/218401\/revisions\/218403"}],"wp:featuredmedia":[{"embeddable":true,"href":"https:\/\/diarioregionaldigital.com.br\/index.php?rest_route=\/wp\/v2\/media\/218402"}],"wp:attachment":[{"href":"https:\/\/diarioregionaldigital.com.br\/index.php?rest_route=%2Fwp%2Fv2%2Fmedia&parent=218401"}],"wp:term":[{"taxonomy":"category","embeddable":true,"href":"https:\/\/diarioregionaldigital.com.br\/index.php?rest_route=%2Fwp%2Fv2%2Fcategories&post=218401"},{"taxonomy":"post_tag","embeddable":true,"href":"https:\/\/diarioregionaldigital.com.br\/index.php?rest_route=%2Fwp%2Fv2%2Ftags&post=218401"}],"curies":[{"name":"wp","href":"https:\/\/api.w.org\/{rel}","templated":true}]}}