{"id":218377,"date":"2023-10-01T06:00:09","date_gmt":"2023-10-01T09:00:09","guid":{"rendered":"https:\/\/diarioregionaldigital.com.br\/?p=218377"},"modified":"2023-10-01T18:10:18","modified_gmt":"2023-10-01T21:10:18","slug":"uma-operacao-sem-vergonha","status":"publish","type":"post","link":"https:\/\/diarioregionaldigital.com.br\/?p=218377","title":{"rendered":"Uma opera\u00e7\u00e3o sem-vergonha"},"content":{"rendered":"<p>N\u00e3o h\u00e1 muito mais espa\u00e7o pr\u00e1 gente se surpreender com atitudes assumidas por estudantes universit\u00e1rios, na vida brasileira. Agora, s\u00e3o alunos de Medicina de tr\u00eas Universidades paulistas que resolveram desfilar pelados, na realiza\u00e7\u00e3o de uma olimp\u00edada escolar. Eles dizem que foram obrigados a isso por alunos veteranos, como parte de um trote fora da \u00e9poca e de prop\u00f3sito.<\/p>\n<p>De todo modo, indiv\u00edduos de 18 ou 20 anos j\u00e1 t\u00eam idade para compreender que isso provocaria natural revolta. Se o objetivo era provocar um choque, tiveram pleno sucesso, embora a rea\u00e7\u00e3o n\u00e3o se tenha feito esperar: dever\u00e3o todos eles ser expulsos das suas respectivas institui\u00e7\u00f5es, como \u00e9 natural que ocorresse.<\/p>\n<p>O que causa esp\u00e9cie, em particular, \u00e9 que todos eles s\u00e3o estudantes de Medicina, ou seja, futuros m\u00e9dicos. Onde fica o juramento de Hip\u00f3crates na conduta desses transgressores da moral p\u00fablica?<\/p>\n<p>E escolheram uma inocente olimp\u00edada escolar para ess show de exibicionismo absurdo, agravado \u00a0pelo fato de serem estudantes de Medicina, uma das nossas mais nobres e recatadas profiss\u00f5es. Se o objetivo era ferir os olhos das milhares de mulheres presentes no local, \u00e9 claro que foi amplamente alcan\u00e7ado.<\/p>\n<p>\u00c9 preciso rever o que se entende por trote, no \u00e2mbito das nossas Universidades. Somos do tempo em que todos se acomodavam com um simples \u201cdiploma de burro\u201d. As agress\u00f5es f\u00edsicas eram proibidas e isso agora virou moda. Para satisfa\u00e7\u00e3o do ego de uns poucos anormais, travestidos de l\u00edderes estudantis.<\/p>\n<p>A expuls\u00e3o pura e simples n\u00e3o \u00e9 suficiente. \u00c9 preciso processar autores intelectuais e participantes desse show de mau-gosto, que de certa forma agride a institui\u00e7\u00e3o universit\u00e1ria. Em que laborat\u00f3rios isso tudo foi engendrado e quais s\u00e3o os seus respons\u00e1veis \u2013 \u00e9 o que a nossa sociedade quer saber, com urg\u00eancia poss\u00edvel, para que o exemplo n\u00e3o prospere de forma alguma. O MEC tamb\u00e9m est\u00e1 sendo chamado a se pronunciar sobre essa verdadeira trag\u00e9dia ocorrida em S\u00e3o Paulo, e que nos traz muita vergonha. O comando dessas tr\u00eas\u00a0 Universidades precisa ser chamado \u00e0s falas, mesmo que aleguem desconhecimento da mat\u00e9ria. \u00c9 cada coisa&#8230;<\/p>\n","protected":false},"excerpt":{"rendered":"<p>N\u00e3o h\u00e1 muito mais espa\u00e7o pr\u00e1 gente se surpreender com atitudes assumidas por estudantes universit\u00e1rios, na vida brasileira. Agora, s\u00e3o alunos de Medicina de tr\u00eas Universidades paulistas que resolveram desfilar pelados, na realiza\u00e7\u00e3o de uma olimp\u00edada escolar. Eles dizem que foram obrigados a isso por alunos veteranos, como parte de um trote fora da \u00e9poca [&hellip;]<\/p>\n","protected":false},"author":96,"featured_media":0,"comment_status":"closed","ping_status":"closed","sticky":false,"template":"","format":"standard","meta":{"footnotes":""},"categories":[275],"tags":[],"class_list":["post-218377","post","type-post","status-publish","format-standard","hentry","category-arnaldo-niskier"],"_links":{"self":[{"href":"https:\/\/diarioregionaldigital.com.br\/index.php?rest_route=\/wp\/v2\/posts\/218377","targetHints":{"allow":["GET"]}}],"collection":[{"href":"https:\/\/diarioregionaldigital.com.br\/index.php?rest_route=\/wp\/v2\/posts"}],"about":[{"href":"https:\/\/diarioregionaldigital.com.br\/index.php?rest_route=\/wp\/v2\/types\/post"}],"author":[{"embeddable":true,"href":"https:\/\/diarioregionaldigital.com.br\/index.php?rest_route=\/wp\/v2\/users\/96"}],"replies":[{"embeddable":true,"href":"https:\/\/diarioregionaldigital.com.br\/index.php?rest_route=%2Fwp%2Fv2%2Fcomments&post=218377"}],"version-history":[{"count":1,"href":"https:\/\/diarioregionaldigital.com.br\/index.php?rest_route=\/wp\/v2\/posts\/218377\/revisions"}],"predecessor-version":[{"id":218378,"href":"https:\/\/diarioregionaldigital.com.br\/index.php?rest_route=\/wp\/v2\/posts\/218377\/revisions\/218378"}],"wp:attachment":[{"href":"https:\/\/diarioregionaldigital.com.br\/index.php?rest_route=%2Fwp%2Fv2%2Fmedia&parent=218377"}],"wp:term":[{"taxonomy":"category","embeddable":true,"href":"https:\/\/diarioregionaldigital.com.br\/index.php?rest_route=%2Fwp%2Fv2%2Fcategories&post=218377"},{"taxonomy":"post_tag","embeddable":true,"href":"https:\/\/diarioregionaldigital.com.br\/index.php?rest_route=%2Fwp%2Fv2%2Ftags&post=218377"}],"curies":[{"name":"wp","href":"https:\/\/api.w.org\/{rel}","templated":true}]}}