{"id":218375,"date":"2023-10-01T06:00:00","date_gmt":"2023-10-01T09:00:00","guid":{"rendered":"https:\/\/diarioregionaldigital.com.br\/?p=218375"},"modified":"2023-10-01T18:09:04","modified_gmt":"2023-10-01T21:09:04","slug":"o-justo-nao-fraqueja-diante-do-impio","status":"publish","type":"post","link":"https:\/\/diarioregionaldigital.com.br\/?p=218375","title":{"rendered":"O justo n\u00e3o fraqueja diante do \u00edmpio"},"content":{"rendered":"<p>\u201cComo fonte contaminada ou nascente polu\u00edda, assim \u00e9 o justo que fraqueja diante do \u00edmpio\u201d (Prov\u00e9rbios 25: 26).<\/p>\n<p>O homem e a mulher de Deus n\u00e3o podem esquecer o valor daquilo que trazem em si, se deixando contaminar pelas imagens distorcidas do pecado e invejando a vida do \u00edmpio. Miseric\u00f3rdia!<\/p>\n<p>\u201cN\u00e3o te indignes por causa dos malfeitores, nem tenhas inveja dos que praticam a iniquidade\u201d (Salmos 37: 1).<\/p>\n<p>Uma pessoa que caminha com Cristo jamais pode conceber que a vida levada por um descrente \u00e9 melhor do que a sua. Essa \u00e9 uma tremenda evid\u00eancia de ignor\u00e2ncia, mostra que se esqueceu ou nunca soube do pre\u00e7o que a maldade traz sobre o in\u00edquo:<\/p>\n<p>\u201cPorque cedo ser\u00e3o ceifados como a erva e murchar\u00e3o como a verdura\u201d (Salmos 37: 2).<\/p>\n<p>Quem inveja j\u00e1 est\u00e1 errado, mas quem deseja o que tem o in\u00edquo d\u00e1 sinais de que est\u00e1 poluindo seu cora\u00e7\u00e3o com as apar\u00eancia do mundo:<\/p>\n<p>\u201cO enfeite delas n\u00e3o seja o exterior, no frisado dos cabelos, no uso de j\u00f3ias de ouro, na compostura de vestes, mas o homem encoberto no cora\u00e7\u00e3o, no incorrupt\u00edvel trajo de um esp\u00edrito manso e quieto, que \u00e9 precioso diante de Deus\u201d (1 Pedro 3: 3, 4).<\/p>\n<p>As imagens de felicidade n\u00e3o s\u00e3o felicidade, as apar\u00eancias de paz n\u00e3o s\u00e3o paz, as figura\u00e7\u00f5es de realiza\u00e7\u00e3o n\u00e3o s\u00e3o realiza\u00e7\u00e3o. Pois se algu\u00e9m acredita que tais coisas s\u00e3o obtidas no mais fulcral sentido de seus termos sem Deus, negou as Escrituras que dizem:<\/p>\n<p>&#8220;Eu sou a videira; voc\u00eas s\u00e3o os ramos. Se algu\u00e9m permanecer em mim e eu nele, esse d\u00e1 muito fruto; pois sem mim voc\u00eas n\u00e3o podem fazer coisa alguma\u201d (Jo\u00e3o 15: 5).<\/p>\n<p>A pessoa que tem intimidade com Deus, conhece a Palavra e sabe que o que est\u00e1 nela \u00e9 maior do que o que est\u00e1 no mundo:<\/p>\n<p>\u201cFilhinhos, voc\u00eas s\u00e3o de Deus e os venceram, porque aquele que est\u00e1 em voc\u00eas \u00e9 maior do que aquele que est\u00e1 no mundo\u201d (1 Jo\u00e3o 4: 4).<\/p>\n<p>Sendo assim, n\u00e3o h\u00e1 qualquer sentido, motivo ou raz\u00e3o para que o crente fraqueje perante as imagens distorcidas que o mundo apresenta para tentar fazer crer que existe hip\u00f3tese de ser feliz sem Deus:<\/p>\n<p>\u201cN\u00e3o se ponham em jugo desigual com descrentes. Pois o que t\u00eam em comum a justi\u00e7a e a maldade? Ou que comunh\u00e3o pode ter a luz com as trevas?\u201d (2 Cor\u00edntios 6: 14)<\/p>\n<p>Busque a presen\u00e7a de Deus, agrade\u00e7a pelo que j\u00e1 recebeu, apresente os seus pedidos, confie perseverando na f\u00e9 e pare de olhar para o mundo.<\/p>\n<p>N\u00e3o fraqueje!<\/p>\n","protected":false},"excerpt":{"rendered":"<p>\u201cComo fonte contaminada ou nascente polu\u00edda, assim \u00e9 o justo que fraqueja diante do \u00edmpio\u201d (Prov\u00e9rbios 25: 26). O homem e a mulher de Deus n\u00e3o podem esquecer o valor daquilo que trazem em si, se deixando contaminar pelas imagens distorcidas do pecado e invejando a vida do \u00edmpio. Miseric\u00f3rdia! \u201cN\u00e3o te indignes por causa [&hellip;]<\/p>\n","protected":false},"author":96,"featured_media":0,"comment_status":"closed","ping_status":"closed","sticky":false,"template":"","format":"standard","meta":{"footnotes":""},"categories":[1244],"tags":[],"class_list":["post-218375","post","type-post","status-publish","format-standard","hentry","category-oleg-abramov"],"_links":{"self":[{"href":"https:\/\/diarioregionaldigital.com.br\/index.php?rest_route=\/wp\/v2\/posts\/218375","targetHints":{"allow":["GET"]}}],"collection":[{"href":"https:\/\/diarioregionaldigital.com.br\/index.php?rest_route=\/wp\/v2\/posts"}],"about":[{"href":"https:\/\/diarioregionaldigital.com.br\/index.php?rest_route=\/wp\/v2\/types\/post"}],"author":[{"embeddable":true,"href":"https:\/\/diarioregionaldigital.com.br\/index.php?rest_route=\/wp\/v2\/users\/96"}],"replies":[{"embeddable":true,"href":"https:\/\/diarioregionaldigital.com.br\/index.php?rest_route=%2Fwp%2Fv2%2Fcomments&post=218375"}],"version-history":[{"count":1,"href":"https:\/\/diarioregionaldigital.com.br\/index.php?rest_route=\/wp\/v2\/posts\/218375\/revisions"}],"predecessor-version":[{"id":218376,"href":"https:\/\/diarioregionaldigital.com.br\/index.php?rest_route=\/wp\/v2\/posts\/218375\/revisions\/218376"}],"wp:attachment":[{"href":"https:\/\/diarioregionaldigital.com.br\/index.php?rest_route=%2Fwp%2Fv2%2Fmedia&parent=218375"}],"wp:term":[{"taxonomy":"category","embeddable":true,"href":"https:\/\/diarioregionaldigital.com.br\/index.php?rest_route=%2Fwp%2Fv2%2Fcategories&post=218375"},{"taxonomy":"post_tag","embeddable":true,"href":"https:\/\/diarioregionaldigital.com.br\/index.php?rest_route=%2Fwp%2Fv2%2Ftags&post=218375"}],"curies":[{"name":"wp","href":"https:\/\/api.w.org\/{rel}","templated":true}]}}