{"id":218368,"date":"2023-09-30T00:32:03","date_gmt":"2023-09-30T03:32:03","guid":{"rendered":"https:\/\/diarioregionaldigital.com.br\/?p=218368"},"modified":"2023-09-30T00:32:03","modified_gmt":"2023-09-30T03:32:03","slug":"juiz-de-fora-aborda-estruturacao-de-politicas-municipais-de-seguranca-em-forum-nacional-de-seguranca-cidada","status":"publish","type":"post","link":"https:\/\/diarioregionaldigital.com.br\/?p=218368","title":{"rendered":"Juiz de Fora aborda estrutura\u00e7\u00e3o de pol\u00edticas municipais de seguran\u00e7a em F\u00f3rum Nacional de Seguran\u00e7a Cidad\u00e3"},"content":{"rendered":"<p>Segundo informa\u00e7\u00f5es do site da Prefeitura de Juiz de Fora (PJF), nesta quinta, 28, Juiz de Fora se fez representada no F\u00f3rum Nacional de Seguran\u00e7a Cidad\u00e3 e Defesa Civil, realizado em Fortaleza. Em palestra proferida pela secret\u00e1ria de Seguran\u00e7a Urbana e Cidadania, Let\u00edcia Paiva Delgado, a gestora, que tamb\u00e9m \u00e9 pesquisadora do tema, abordou a import\u00e2ncia da organiza\u00e7\u00e3o de estruturas de governan\u00e7a, como Plano Municipal, Conselho e Fundo Municipal de Seguran\u00e7a, para o desenvolvimento das pol\u00edticas p\u00fablicas do setor.<\/p>\n<p>&nbsp;<\/p>\n<div>O evento contou com a presen\u00e7a\u00a0do Secret\u00e1rio de Nacional de Seguran\u00e7a P\u00fablica, Tadeu Alencar. Gestores municipais de todo Brasil participaram da discuss\u00e3o de tem\u00e1ticas, experi\u00eancias e projetos de fortalecimento das pol\u00edticas p\u00fablicas em seguran\u00e7a.\u00a0\u201cPensar a seguran\u00e7a p\u00fablica municipal passa por diversos desafios, entre eles a invers\u00e3o do modelo repressivo, centrado nas institui\u00e7\u00f5es policiais, para uma filosofia de preven\u00e7\u00e3o e de proximidade comunit\u00e1ria, passa pela aus\u00eancia de uma l\u00f3gica sist\u00eamica dos \u00f3rg\u00e3os de seguran\u00e7a e de financiamento para o setor\u201d, alertou a secret\u00e1ria, trazendo ao p\u00fablico apresenta\u00e7\u00e3o contextualizada na perspectiva da linha do tempo dos avan\u00e7os e conquistas da seguran\u00e7a.<\/div>\n<p>&nbsp;<\/p>\n<div>A experi\u00eancia da gest\u00e3o local da seguran\u00e7a, cujas as bases possuem correspond\u00eancia efetiva nas diretrizes do Plano Municipal de Seguran\u00e7a,\u00a0<a href=\"https:\/\/jflegis.pjf.mg.gov.br\/norma.php?chave=0000048306\"><strong>Lei 14.242<\/strong><\/a>, tamb\u00e9m foi exposta ao p\u00fablico presente. Pesquisa e produ\u00e7\u00e3o de intelig\u00eancia e uso das tecnologias para a preven\u00e7\u00e3o das viol\u00eancias; di\u00e1logo e participa\u00e7\u00e3o popular; integra\u00e7\u00e3o entre o munic\u00edpio e as for\u00e7as de seguran\u00e7a; pol\u00edticas de preven\u00e7\u00e3o \u00e0s viol\u00eancias e fortalecimento da Guarda Municipal comp\u00f5em os eixos do trabalho realizado pela pasta.<\/div>\n<p>&nbsp;<\/p>\n<div>A recente retomada, pelo governo federal, do Programa Nacional de Seguran\u00e7a P\u00fablica com Cidadania (Pronasci II), decreto N\u00b0 11.436, de 2023, estabeleceu as linhas de conflu\u00eancia entre a proposta nacional e municipal de seguran\u00e7a cidad\u00e3, favorecendo o impulso de projetos em conson\u00e2ncia com os eixos priorit\u00e1rios do Pronasci II: fomento \u00e0s pol\u00edticas de enfrentamento e preven\u00e7\u00e3o de viol\u00eancia contra as mulheres; fomento \u00e0s pol\u00edticas de seguran\u00e7a p\u00fablica, com cidadania e foco em territ\u00f3rios vulner\u00e1veis e com altos indicadores de viol\u00eancia; fomento \u00e0s pol\u00edticas de cidadania, com foco no trabalho e no ensino formal e profissionalizante para presos e egressos; apoio \u00e0s v\u00edtimas da criminalidade; combate ao racismo estrutural e aos crimes decorrentes e bolsa-forma\u00e7\u00e3o para for\u00e7as de seguran\u00e7a.<\/div>\n<p>&nbsp;<\/p>\n<div>Diversas a\u00e7\u00f5es est\u00e3o em andamento, alinhadas \u00e0s metas do Plano Municipal de Seguran\u00e7a e aos pressupostos do Pronasci II, a exemplo da efetiva\u00e7\u00e3o da participa\u00e7\u00e3o popular, por meio da exist\u00eancia e funcionamento de um Conselho Municipal de Seguran\u00e7a Urbana e Cidadania (Comsuc); na pr\u00e1tica da intersetorialidade verificada em iniciativas como a cria\u00e7\u00e3o do N\u00facleo Intersetorial de Preven\u00e7\u00e3o da Viol\u00eancia e Promo\u00e7\u00e3o da Paz; na execu\u00e7\u00e3o do projetos como o \u201cNossa Escola\u201d e Guardas no Apoio e Preven\u00e7\u00e3o nas Escolas (Gape), relacionando cultura de paz, cidadania e trabalho antirracismo; na atua\u00e7\u00e3o junto ao sistema prisional, feita pelo projeto Integra e na ades\u00e3o e habilita\u00e7\u00e3o de Juiz de Fora para a bolsa forma\u00e7\u00e3o dos guardas municipais que, em breve, v\u00e3o participar de cursos online promovidos pelo Minist\u00e9rio da Justi\u00e7a e Seguran\u00e7a P\u00fablica.<\/div>\n","protected":false},"excerpt":{"rendered":"<p>Segundo informa\u00e7\u00f5es do site da Prefeitura de Juiz de Fora (PJF), nesta quinta, 28, Juiz de Fora se fez representada no F\u00f3rum Nacional de Seguran\u00e7a Cidad\u00e3 e Defesa Civil, realizado em Fortaleza. Em palestra proferida pela secret\u00e1ria de Seguran\u00e7a Urbana e Cidadania, Let\u00edcia Paiva Delgado, a gestora, que tamb\u00e9m \u00e9 pesquisadora do tema, abordou a [&hellip;]<\/p>\n","protected":false},"author":246,"featured_media":218369,"comment_status":"closed","ping_status":"closed","sticky":false,"template":"","format":"standard","meta":{"footnotes":""},"categories":[253,436,439],"tags":[],"class_list":["post-218368","post","type-post","status-publish","format-standard","has-post-thumbnail","hentry","category-cidade","category-destaque-da-semana","category-ultima-hora"],"_links":{"self":[{"href":"https:\/\/diarioregionaldigital.com.br\/index.php?rest_route=\/wp\/v2\/posts\/218368","targetHints":{"allow":["GET"]}}],"collection":[{"href":"https:\/\/diarioregionaldigital.com.br\/index.php?rest_route=\/wp\/v2\/posts"}],"about":[{"href":"https:\/\/diarioregionaldigital.com.br\/index.php?rest_route=\/wp\/v2\/types\/post"}],"author":[{"embeddable":true,"href":"https:\/\/diarioregionaldigital.com.br\/index.php?rest_route=\/wp\/v2\/users\/246"}],"replies":[{"embeddable":true,"href":"https:\/\/diarioregionaldigital.com.br\/index.php?rest_route=%2Fwp%2Fv2%2Fcomments&post=218368"}],"version-history":[{"count":1,"href":"https:\/\/diarioregionaldigital.com.br\/index.php?rest_route=\/wp\/v2\/posts\/218368\/revisions"}],"predecessor-version":[{"id":218370,"href":"https:\/\/diarioregionaldigital.com.br\/index.php?rest_route=\/wp\/v2\/posts\/218368\/revisions\/218370"}],"wp:featuredmedia":[{"embeddable":true,"href":"https:\/\/diarioregionaldigital.com.br\/index.php?rest_route=\/wp\/v2\/media\/218369"}],"wp:attachment":[{"href":"https:\/\/diarioregionaldigital.com.br\/index.php?rest_route=%2Fwp%2Fv2%2Fmedia&parent=218368"}],"wp:term":[{"taxonomy":"category","embeddable":true,"href":"https:\/\/diarioregionaldigital.com.br\/index.php?rest_route=%2Fwp%2Fv2%2Fcategories&post=218368"},{"taxonomy":"post_tag","embeddable":true,"href":"https:\/\/diarioregionaldigital.com.br\/index.php?rest_route=%2Fwp%2Fv2%2Ftags&post=218368"}],"curies":[{"name":"wp","href":"https:\/\/api.w.org\/{rel}","templated":true}]}}