{"id":218332,"date":"2023-09-29T00:25:42","date_gmt":"2023-09-29T03:25:42","guid":{"rendered":"https:\/\/diarioregionaldigital.com.br\/?p=218332"},"modified":"2023-09-29T00:25:42","modified_gmt":"2023-09-29T03:25:42","slug":"pjf-divulga-9o-boletim-da-copa-prefeitura-de-futsal-2023","status":"publish","type":"post","link":"https:\/\/diarioregionaldigital.com.br\/?p=218332","title":{"rendered":"PJF divulga 9\u00ba boletim da Copa Prefeitura de Futsal 2023"},"content":{"rendered":"<p>Segundo informa\u00e7\u00f5es do site da Prefeitura de Juiz de Fora (PJF), a<span style=\"color: #333333; font-size: 16px;\">contecem na pr\u00f3xima semana os jogos da nona rodada da Copa Prefeitura de Futsal 2023. As partidas ser\u00e3o realizadas na segunda, 2, ter\u00e7a, 3, quinta, 5 \u00a0e s\u00e1bado, 7, sendo disputadas no Cascatinha Country Club, Clube Bom Pastor, Quadra Multiuso da FAEFID &#8211; UFJF e na AABB. O boletim n\u00ba10 estar\u00e1 \u00e0 disposi\u00e7\u00e3o na quinta-feira, 5, a partir das 16h.<\/span><\/p>\n<div id=\"box_texto_noticia\">\n<div>\nAl\u00e9m disso, tamb\u00e9m ser\u00e3o realizados no s\u00e1bado, 7, os jogos da terceira rodada da categoria sub-09, no Col\u00e9gio Academia. Ao todo ser\u00e3o 14 jogos disputados entre 13h e 14h40.<\/p>\n<p>A Copa Prefeitura de Futsal tem como objetivo integrar, atrav\u00e9s da pr\u00e1tica desportiva, representantes das diversas camadas sociais do munic\u00edpio; oportunizar a mobiliza\u00e7\u00e3o e organiza\u00e7\u00e3o comunit\u00e1ria, atrav\u00e9s da pr\u00e1tica desportiva; incrementar a pr\u00e1tica do futsal, estimulando e valorizando as equipes locais e regionais, fortalecendo a Liga Juizforana de Futebol de Sal\u00e3o, com grande participa\u00e7\u00e3o dos clubes; criar oportunidades para o surgimento de atletas de futsal, que possam representar Juiz de Fora em competi\u00e7\u00f5es na modalidade, em n\u00edveis regional, estadual e nacional e oferecer momentos de lazer e integra\u00e7\u00e3o social.<\/p>\n<p>Veja em anexo o boletim 9 da Copa Prefeitura de Futsal e o boletim 3 da categoria sub-09<\/p><\/div>\n<\/div>\n<p>&nbsp;<\/p>\n<div class=\"texto_anexo\"><img loading=\"lazy\" decoding=\"async\" src=\"https:\/\/www.pjf.mg.gov.br\/imagens\/clips.jpg\" width=\"22\" height=\"20\" \/>\u00a0<a href=\"https:\/\/www.pjf.mg.gov.br\/noticias\/anexo\/BoletimFutsal09+Boletim03Sub-09-2023.pdf\" target=\"_blank\" rel=\"noopener\">Veja o anexo<\/a><\/div>\n","protected":false},"excerpt":{"rendered":"<p>Segundo informa\u00e7\u00f5es do site da Prefeitura de Juiz de Fora (PJF), acontecem na pr\u00f3xima semana os jogos da nona rodada da Copa Prefeitura de Futsal 2023. As partidas ser\u00e3o realizadas na segunda, 2, ter\u00e7a, 3, quinta, 5 \u00a0e s\u00e1bado, 7, sendo disputadas no Cascatinha Country Club, Clube Bom Pastor, Quadra Multiuso da FAEFID &#8211; UFJF [&hellip;]<\/p>\n","protected":false},"author":246,"featured_media":218333,"comment_status":"closed","ping_status":"closed","sticky":false,"template":"","format":"standard","meta":{"footnotes":""},"categories":[253,436,440,439],"tags":[],"class_list":["post-218332","post","type-post","status-publish","format-standard","has-post-thumbnail","hentry","category-cidade","category-destaque-da-semana","category-destaques-do-dia","category-ultima-hora"],"_links":{"self":[{"href":"https:\/\/diarioregionaldigital.com.br\/index.php?rest_route=\/wp\/v2\/posts\/218332","targetHints":{"allow":["GET"]}}],"collection":[{"href":"https:\/\/diarioregionaldigital.com.br\/index.php?rest_route=\/wp\/v2\/posts"}],"about":[{"href":"https:\/\/diarioregionaldigital.com.br\/index.php?rest_route=\/wp\/v2\/types\/post"}],"author":[{"embeddable":true,"href":"https:\/\/diarioregionaldigital.com.br\/index.php?rest_route=\/wp\/v2\/users\/246"}],"replies":[{"embeddable":true,"href":"https:\/\/diarioregionaldigital.com.br\/index.php?rest_route=%2Fwp%2Fv2%2Fcomments&post=218332"}],"version-history":[{"count":1,"href":"https:\/\/diarioregionaldigital.com.br\/index.php?rest_route=\/wp\/v2\/posts\/218332\/revisions"}],"predecessor-version":[{"id":218334,"href":"https:\/\/diarioregionaldigital.com.br\/index.php?rest_route=\/wp\/v2\/posts\/218332\/revisions\/218334"}],"wp:featuredmedia":[{"embeddable":true,"href":"https:\/\/diarioregionaldigital.com.br\/index.php?rest_route=\/wp\/v2\/media\/218333"}],"wp:attachment":[{"href":"https:\/\/diarioregionaldigital.com.br\/index.php?rest_route=%2Fwp%2Fv2%2Fmedia&parent=218332"}],"wp:term":[{"taxonomy":"category","embeddable":true,"href":"https:\/\/diarioregionaldigital.com.br\/index.php?rest_route=%2Fwp%2Fv2%2Fcategories&post=218332"},{"taxonomy":"post_tag","embeddable":true,"href":"https:\/\/diarioregionaldigital.com.br\/index.php?rest_route=%2Fwp%2Fv2%2Ftags&post=218332"}],"curies":[{"name":"wp","href":"https:\/\/api.w.org\/{rel}","templated":true}]}}