{"id":218329,"date":"2023-09-29T00:02:15","date_gmt":"2023-09-29T03:02:15","guid":{"rendered":"https:\/\/diarioregionaldigital.com.br\/?p=218329"},"modified":"2023-09-29T00:02:15","modified_gmt":"2023-09-29T03:02:15","slug":"com-47-medalhas-brasileiros-se-destacam-em-mundial-master-de-remo","status":"publish","type":"post","link":"https:\/\/diarioregionaldigital.com.br\/?p=218329","title":{"rendered":"Com 47 medalhas, brasileiros se destacam em Mundial master de remo"},"content":{"rendered":"<p>Treze clubes representaram o Brasil no Campeonato Mundial master de remo, disputado na cidade de Tshwane (\u00c1frica do Sul). O evento, finalizado no \u00faltimo domingo (24), reuniu 199 agremia\u00e7\u00f5es de 42 pa\u00edses. O Minas Bras\u00edlia foi o destaque entre os brasileiros, terminando a competi\u00e7\u00e3o com o terceiro melhor desempenho geral, considerando resultados de homens e mulheres, e o segundo no feminino.<img decoding=\"async\" src=\"https:\/\/agenciabrasil.ebc.com.br\/ebc.png?id=1558231&amp;o=node\" \/><img decoding=\"async\" src=\"https:\/\/agenciabrasil.ebc.com.br\/ebc.gif?id=1558231&amp;o=node\" \/><\/p>\n<p>No Mundial master, que re\u00fane atletas a partir de 27 anos, somente quem vence as provas \u00e9 premiado. Ao todo, os brasileiros conquistaram 47 medalhas em Tshwane. Cinco delas tiveram participa\u00e7\u00e3o de L\u00edlia de Oliveira. O resultado teve gostinho especial para a remadora de 44 anos, que competiu no evento pela terceira vez, ap\u00f3s tamb\u00e9m marcar presen\u00e7a nas edi\u00e7\u00f5es de 2018 (Sarasota-Brandenton, nos Estados Unidos) e 2019 (Lake Velence, na Hungria).<\/p>\n<p>\u201cNessas outras edi\u00e7\u00f5es, eu e minha parceira [Luciana Bex] t\u00ednhamos batido na trave. Agora vieram as medalhas\u201d, celebrou L\u00edlia, que foi premiada nas provas para dois e quatro remadores, tanto nas disputas femininas (com Luciana, Maria Proen\u00e7a e Carmen Amandio) como na mista (junto de Luciana, C\u00e9lio Amorim e Alexandre Maia).<\/p>\n<p>\u201cO que achei diferente neste Mundial \u00e9 ter sido na \u00c1frica do Sul. A recep\u00e7\u00e3o deles foi muito legal, com alegria. Isso fez diferen\u00e7a no campeonato\u201d, completou a remadora, tamb\u00e9m presidente da Federa\u00e7\u00e3o de Remo de Bras\u00edlia.<\/p>\n<p>Na classifica\u00e7\u00e3o geral do Mundial, o Minas Bras\u00edlia ficou atr\u00e1s apenas dos clubes Victoria Lake (campe\u00e3o) e Ravens (vice), ambos da \u00c1frica do Sul. O Corinthians, de S\u00e3o Paulo, foi a segunda melhor delega\u00e7\u00e3o do pa\u00eds, na oitava posi\u00e7\u00e3o, enquanto o Gr\u00eamio N\u00e1utico Uni\u00e3o (GNU), de Porto Alegre, foi a terceira entre as agremia\u00e7\u00f5es brasileiras, na 11\u00aa coloca\u00e7\u00e3o.<\/p>\n<p>No feminino, o vice-campeonato fez do Minas o clube do Brasil mais bem posicionado. O Corinthians fez a 15\u00aa campanha entre as mulheres, enquanto o GNU foi o 25\u00ba. J\u00e1 no masculino, a melhor equipe brasileira foi o Clube de Regatas Gua\u00edba Porto Alegre (GPA), que ficou em terceiro. O Minas apareceu em d\u00e9cimo. Destaque, ainda, \u00e0 presen\u00e7a de Odilon Maia Martins, remador mais experiente do mundo, de 94 anos. Ele representou o Clube de Regatas Aldo Luz, de Florian\u00f3polis.<\/p>\n<p>\u201cInclusive, o Brasil foi a terceira maior delega\u00e7\u00e3o em n\u00famero de atletas. Tivemos equipes bem tradicionais. N\u00e3o houve muito um sentimento de competi\u00e7\u00e3o entre os clubes brasileiros porque, muitas vezes, n\u00e3o nos encontr\u00e1vamos na \u00e1gua, mas foi uma surpresa, para n\u00f3s, o Minas ter alcan\u00e7ado esse resultado extraordin\u00e1rio\u201d, comentou L\u00edlia, que tamb\u00e9m \u00e9 \u00e1rbitra de remo e come\u00e7ou no esporte em 2005.<\/p>\n<p>\u201cO remo me trouxe muita coisa boa, como na quest\u00e3o da disciplina, da dedica\u00e7\u00e3o, do foco, de coordenar, liderar, principalmente nesse \u00e2mbito que \u00e9 um pouco mais masculino, porque a maior parte dos dirigentes de clubes s\u00e3o homens, os treinadores em Bras\u00edlia s\u00e3o todos homens. Desenvolvi habilidades e me desafiei. Sem falar na sa\u00fade. Sabemos que a pr\u00e1tica que exerc\u00edcios faz bem. [O remo] \u00e9 um esporte ao ar livre, ent\u00e3o tem a parte contemplativa, de ver o dia raiar, [ver] os animais, essa parte que deixa o esporte mais leve\u201d, concluiu.<\/p>\n<p>A pr\u00f3xima edi\u00e7\u00e3o do Mundial master de remo ser\u00e1 em Brandeburgo (Alemanha) entre 11 e 15 de setembro do ano que vem. Em 2025, o evento est\u00e1 marcado para Banyoles (Espanha).<\/p>\n<p><span style=\"font-weight: 400;\">Fonte: Ag\u00eancia Brasil <\/span><\/p>\n","protected":false},"excerpt":{"rendered":"<p>Treze clubes representaram o Brasil no Campeonato Mundial master de remo, disputado na cidade de Tshwane (\u00c1frica do Sul). O evento, finalizado no \u00faltimo domingo (24), reuniu 199 agremia\u00e7\u00f5es de 42 pa\u00edses. O Minas Bras\u00edlia foi o destaque entre os brasileiros, terminando a competi\u00e7\u00e3o com o terceiro melhor desempenho geral, considerando resultados de homens e [&hellip;]<\/p>\n","protected":false},"author":246,"featured_media":218330,"comment_status":"closed","ping_status":"closed","sticky":false,"template":"","format":"standard","meta":{"footnotes":""},"categories":[436,257,439],"tags":[],"class_list":["post-218329","post","type-post","status-publish","format-standard","has-post-thumbnail","hentry","category-destaque-da-semana","category-esporte","category-ultima-hora"],"_links":{"self":[{"href":"https:\/\/diarioregionaldigital.com.br\/index.php?rest_route=\/wp\/v2\/posts\/218329","targetHints":{"allow":["GET"]}}],"collection":[{"href":"https:\/\/diarioregionaldigital.com.br\/index.php?rest_route=\/wp\/v2\/posts"}],"about":[{"href":"https:\/\/diarioregionaldigital.com.br\/index.php?rest_route=\/wp\/v2\/types\/post"}],"author":[{"embeddable":true,"href":"https:\/\/diarioregionaldigital.com.br\/index.php?rest_route=\/wp\/v2\/users\/246"}],"replies":[{"embeddable":true,"href":"https:\/\/diarioregionaldigital.com.br\/index.php?rest_route=%2Fwp%2Fv2%2Fcomments&post=218329"}],"version-history":[{"count":1,"href":"https:\/\/diarioregionaldigital.com.br\/index.php?rest_route=\/wp\/v2\/posts\/218329\/revisions"}],"predecessor-version":[{"id":218331,"href":"https:\/\/diarioregionaldigital.com.br\/index.php?rest_route=\/wp\/v2\/posts\/218329\/revisions\/218331"}],"wp:featuredmedia":[{"embeddable":true,"href":"https:\/\/diarioregionaldigital.com.br\/index.php?rest_route=\/wp\/v2\/media\/218330"}],"wp:attachment":[{"href":"https:\/\/diarioregionaldigital.com.br\/index.php?rest_route=%2Fwp%2Fv2%2Fmedia&parent=218329"}],"wp:term":[{"taxonomy":"category","embeddable":true,"href":"https:\/\/diarioregionaldigital.com.br\/index.php?rest_route=%2Fwp%2Fv2%2Fcategories&post=218329"},{"taxonomy":"post_tag","embeddable":true,"href":"https:\/\/diarioregionaldigital.com.br\/index.php?rest_route=%2Fwp%2Fv2%2Ftags&post=218329"}],"curies":[{"name":"wp","href":"https:\/\/api.w.org\/{rel}","templated":true}]}}