{"id":218323,"date":"2023-09-28T23:45:47","date_gmt":"2023-09-29T02:45:47","guid":{"rendered":"https:\/\/diarioregionaldigital.com.br\/?p=218323"},"modified":"2023-09-28T23:45:47","modified_gmt":"2023-09-29T02:45:47","slug":"primeira-ministra-negra-do-tse-exalta-luta-contra-a-desigualdade","status":"publish","type":"post","link":"https:\/\/diarioregionaldigital.com.br\/?p=218323","title":{"rendered":"Primeira ministra negra do TSE exalta luta contra a desigualdade"},"content":{"rendered":"<p>A ministra substituta Edilene L\u00f4bo participou, nesta quinta-feira (28), da primeira sess\u00e3o no Tribunal Superior Eleitoral (TSE) (foto). Empossada no m\u00eas passado, ela \u00e9 a primeira mulher negra a assumir uma cadeira no tribunal.<img decoding=\"async\" src=\"https:\/\/agenciabrasil.ebc.com.br\/ebc.png?id=1558247&amp;o=node\" \/><img decoding=\"async\" src=\"https:\/\/agenciabrasil.ebc.com.br\/ebc.gif?id=1558247&amp;o=node\" \/><\/p>\n<p>Em sua primeira sess\u00e3o na Corte, a ministra destacou sua chegada no TSE e citou que a magistratura nacional \u00e9 composta por apenas 5% de mulheres negras.<\/p>\n<p>\u201cEsse lugar onde estou n\u00e3o \u00e9 s\u00f3 meu, n\u00e3o \u00e9 s\u00f3 de uma pessoa. Este lugar e esta miss\u00e3o s\u00e3o a um s\u00f3 tempo resultado e ponto de partida de lutas hist\u00f3ricas de grupos minorizados para vencer a heran\u00e7a estrutural de desigualdade de oportunidades que precisa ser superada em nossa na\u00e7\u00e3o\u201d, afirmou.<\/p>\n<p>A ministra tamb\u00e9m defendeu avan\u00e7os para combater a sub-representa\u00e7\u00e3o feminina no Poder Judici\u00e1rio, como a decis\u00e3o tomada nesta semana pelo Conselho Nacional de Justi\u00e7a (CNJ) para aumentar o n\u00famero de mulheres na segunda inst\u00e2ncia da Justi\u00e7a.<\/p>\n<p>\u201cMesmo com as mulheres negras, que s\u00e3o 28% da popula\u00e7\u00e3o brasileira, recebendo cerca de 46% do sal\u00e1rio de um homem branco, n\u00e3o se deve p\u00f4r em d\u00favida a capacidade de empreender e gerar renda desse grupo minorizado politicamente, mas com potencial para crescer\u201d, concluiu.<\/p>\n<h2>Perfil<\/h2>\n<p>Edilene chegou ao cargo ap\u00f3s ser indicada pelo presidente Luiz In\u00e1cio Lula da Silva, a partir de uma lista tr\u00edplice enviada pelo TSE.<\/p>\n<p>Ela \u00e9 doutora em Direito pela Pontif\u00edcia Universidade Cat\u00f3lica de Minas Gerais (PUC Minas) e mestra\u00a0em Direito pela Universidade Federal de Minas Gerais (UFMG).<\/p>\n<p>De acordo com a Constitui\u00e7\u00e3o, cabe ao presidente da Rep\u00fablica nomear os advogados que comp\u00f5em o tribunal. O TSE \u00e9 composto por sete ministros, sendo tr\u00eas do Supremo Tribunal Federal (STF), dois do Superior Tribunal de Justi\u00e7a (STJ) e dois advogados, al\u00e9m dos respectivos substitutos.<\/p>\n<p><span style=\"font-weight: 400;\">\u00a0<\/span><span style=\"font-weight: 400;\"><br \/>\n<\/span><span style=\"font-weight: 400;\">Fonte: Ag\u00eancia Brasil <\/span><\/p>\n","protected":false},"excerpt":{"rendered":"<p>A ministra substituta Edilene L\u00f4bo participou, nesta quinta-feira (28), da primeira sess\u00e3o no Tribunal Superior Eleitoral (TSE) (foto). Empossada no m\u00eas passado, ela \u00e9 a primeira mulher negra a assumir uma cadeira no tribunal. Em sua primeira sess\u00e3o na Corte, a ministra destacou sua chegada no TSE e citou que a magistratura nacional \u00e9 composta [&hellip;]<\/p>\n","protected":false},"author":246,"featured_media":218324,"comment_status":"closed","ping_status":"closed","sticky":false,"template":"","format":"standard","meta":{"footnotes":""},"categories":[436,254,439],"tags":[],"class_list":["post-218323","post","type-post","status-publish","format-standard","has-post-thumbnail","hentry","category-destaque-da-semana","category-politica","category-ultima-hora"],"_links":{"self":[{"href":"https:\/\/diarioregionaldigital.com.br\/index.php?rest_route=\/wp\/v2\/posts\/218323","targetHints":{"allow":["GET"]}}],"collection":[{"href":"https:\/\/diarioregionaldigital.com.br\/index.php?rest_route=\/wp\/v2\/posts"}],"about":[{"href":"https:\/\/diarioregionaldigital.com.br\/index.php?rest_route=\/wp\/v2\/types\/post"}],"author":[{"embeddable":true,"href":"https:\/\/diarioregionaldigital.com.br\/index.php?rest_route=\/wp\/v2\/users\/246"}],"replies":[{"embeddable":true,"href":"https:\/\/diarioregionaldigital.com.br\/index.php?rest_route=%2Fwp%2Fv2%2Fcomments&post=218323"}],"version-history":[{"count":1,"href":"https:\/\/diarioregionaldigital.com.br\/index.php?rest_route=\/wp\/v2\/posts\/218323\/revisions"}],"predecessor-version":[{"id":218325,"href":"https:\/\/diarioregionaldigital.com.br\/index.php?rest_route=\/wp\/v2\/posts\/218323\/revisions\/218325"}],"wp:featuredmedia":[{"embeddable":true,"href":"https:\/\/diarioregionaldigital.com.br\/index.php?rest_route=\/wp\/v2\/media\/218324"}],"wp:attachment":[{"href":"https:\/\/diarioregionaldigital.com.br\/index.php?rest_route=%2Fwp%2Fv2%2Fmedia&parent=218323"}],"wp:term":[{"taxonomy":"category","embeddable":true,"href":"https:\/\/diarioregionaldigital.com.br\/index.php?rest_route=%2Fwp%2Fv2%2Fcategories&post=218323"},{"taxonomy":"post_tag","embeddable":true,"href":"https:\/\/diarioregionaldigital.com.br\/index.php?rest_route=%2Fwp%2Fv2%2Ftags&post=218323"}],"curies":[{"name":"wp","href":"https:\/\/api.w.org\/{rel}","templated":true}]}}