{"id":218320,"date":"2023-09-28T23:42:49","date_gmt":"2023-09-29T02:42:49","guid":{"rendered":"https:\/\/diarioregionaldigital.com.br\/?p=218320"},"modified":"2023-09-28T23:42:49","modified_gmt":"2023-09-29T02:42:49","slug":"deputados-protocolam-pec-que-permite-derrubada-de-decisoes-do-stf","status":"publish","type":"post","link":"https:\/\/diarioregionaldigital.com.br\/?p=218320","title":{"rendered":"Deputados protocolam PEC que permite derrubada de decis\u00f5es do STF"},"content":{"rendered":"<p>Com a assinatura de 175 deputados federais, foi protocolada nesta quinta-feira (28), na C\u00e2mara dos Deputados, a Proposta de Emenda \u00e0 Constitui\u00e7\u00e3o (PEC) 50\/2023, chamada de PEC do equil\u00edbrio entre os poderes. A proposta, apresentada pelo deputado federal Domingos S\u00e1vio (PL-MG), altera o artigo 49 da Constitui\u00e7\u00e3o Federal para permitir que o Congresso Nacional possa derrubar, por maioria qualificada, decis\u00f5es do Supremo Tribunal Federal (STF) que extrapolem os limites constitucionais.<img decoding=\"async\" src=\"https:\/\/agenciabrasil.ebc.com.br\/ebc.png?id=1558278&amp;o=node\" \/><img decoding=\"async\" src=\"https:\/\/agenciabrasil.ebc.com.br\/ebc.gif?id=1558278&amp;o=node\" \/><\/p>\n<p>O parlamentar diz que a ideia da PEC \u00e9 garantir a independ\u00eancia entre os poderes para que haja equil\u00edbrio. Segundo ele, o STF tem tomado com frequ\u00eancia \u201catitudes de usurpar o poder do legislativo e extrapolar os seus limites constitucionais\u201d.<\/p>\n<p>\u201cTodo dia vem uma decis\u00e3o do STF contrariando o que a lei diz. Esse ativismo pol\u00edtico do STF est\u00e1 acabando com a democracia brasileira\u201d, diz S\u00e1vio, citando, por exemplo, a decis\u00e3o do Supremo que derrubou a tese do marco temporal das terras ind\u00edgenas, al\u00e9m dos julgamentos sobre a descriminaliza\u00e7\u00e3o do aborto at\u00e9 12 semanas de gesta\u00e7\u00e3o e sobre o porte de drogas para consumo pr\u00f3prio.<\/p>\n<p>\u201cO Brasil j\u00e1 tem uma lei que diz em que situa\u00e7\u00e3o pode haver o aborto, mas o STF quer inovar, quer ir al\u00e9m, quer ele pr\u00f3prio legislar. Tamb\u00e9m quer legislar liberando a droga no Brasil, mas j\u00e1 tem lei dizendo que \u00e9 crime\u201d, diz o deputado. \u201cO direito de propriedade est\u00e1 sendo rasgado pelo STF\u201d, complementa, em refer\u00eancia ao marco temporal.<\/p>\n<p>A PEC deve ser discutida e votada em dois turnos em uma das casas do Congresso. Para ser aprovada, deve ter tr\u00eas quintos dos votos dos deputados (308) e dos senadores (49). N\u00e3o h\u00e1 previs\u00e3o de quando a proposta poder\u00e1 chegar ao plen\u00e1rio.<\/p>\n<p><span style=\"font-weight: 400;\">Fonte: Ag\u00eancia Brasil <\/span><\/p>\n","protected":false},"excerpt":{"rendered":"<p>Com a assinatura de 175 deputados federais, foi protocolada nesta quinta-feira (28), na C\u00e2mara dos Deputados, a Proposta de Emenda \u00e0 Constitui\u00e7\u00e3o (PEC) 50\/2023, chamada de PEC do equil\u00edbrio entre os poderes. A proposta, apresentada pelo deputado federal Domingos S\u00e1vio (PL-MG), altera o artigo 49 da Constitui\u00e7\u00e3o Federal para permitir que o Congresso Nacional possa [&hellip;]<\/p>\n","protected":false},"author":246,"featured_media":218321,"comment_status":"closed","ping_status":"closed","sticky":false,"template":"","format":"standard","meta":{"footnotes":""},"categories":[436,440,254,439],"tags":[],"class_list":["post-218320","post","type-post","status-publish","format-standard","has-post-thumbnail","hentry","category-destaque-da-semana","category-destaques-do-dia","category-politica","category-ultima-hora"],"_links":{"self":[{"href":"https:\/\/diarioregionaldigital.com.br\/index.php?rest_route=\/wp\/v2\/posts\/218320","targetHints":{"allow":["GET"]}}],"collection":[{"href":"https:\/\/diarioregionaldigital.com.br\/index.php?rest_route=\/wp\/v2\/posts"}],"about":[{"href":"https:\/\/diarioregionaldigital.com.br\/index.php?rest_route=\/wp\/v2\/types\/post"}],"author":[{"embeddable":true,"href":"https:\/\/diarioregionaldigital.com.br\/index.php?rest_route=\/wp\/v2\/users\/246"}],"replies":[{"embeddable":true,"href":"https:\/\/diarioregionaldigital.com.br\/index.php?rest_route=%2Fwp%2Fv2%2Fcomments&post=218320"}],"version-history":[{"count":1,"href":"https:\/\/diarioregionaldigital.com.br\/index.php?rest_route=\/wp\/v2\/posts\/218320\/revisions"}],"predecessor-version":[{"id":218322,"href":"https:\/\/diarioregionaldigital.com.br\/index.php?rest_route=\/wp\/v2\/posts\/218320\/revisions\/218322"}],"wp:featuredmedia":[{"embeddable":true,"href":"https:\/\/diarioregionaldigital.com.br\/index.php?rest_route=\/wp\/v2\/media\/218321"}],"wp:attachment":[{"href":"https:\/\/diarioregionaldigital.com.br\/index.php?rest_route=%2Fwp%2Fv2%2Fmedia&parent=218320"}],"wp:term":[{"taxonomy":"category","embeddable":true,"href":"https:\/\/diarioregionaldigital.com.br\/index.php?rest_route=%2Fwp%2Fv2%2Fcategories&post=218320"},{"taxonomy":"post_tag","embeddable":true,"href":"https:\/\/diarioregionaldigital.com.br\/index.php?rest_route=%2Fwp%2Fv2%2Ftags&post=218320"}],"curies":[{"name":"wp","href":"https:\/\/api.w.org\/{rel}","templated":true}]}}