{"id":218301,"date":"2023-09-27T23:56:54","date_gmt":"2023-09-28T02:56:54","guid":{"rendered":"https:\/\/diarioregionaldigital.com.br\/?p=218301"},"modified":"2023-09-27T23:56:54","modified_gmt":"2023-09-28T02:56:54","slug":"transito-de-veiculos-na-rua-batista-de-oliveira-entre-as-ruas-marechal-deodoro-e-sao-joao-e-interditado-para-instalacao-de-comercio-popular","status":"publish","type":"post","link":"https:\/\/diarioregionaldigital.com.br\/?p=218301","title":{"rendered":"Tr\u00e2nsito de ve\u00edculos na Rua Batista de Oliveira, entre as ruas Marechal Deodoro e S\u00e3o Jo\u00e3o, \u00e9 interditado para instala\u00e7\u00e3o de com\u00e9rcio popular"},"content":{"rendered":"<p>Segundo informa\u00e7\u00f5es do site da Prefeitura de Juiz de Fora (PJF), a\u00a0Rua Batista de Oliveira, no trecho entre as ruas Marechal Deodoro e S\u00e3o Jo\u00e3o, est\u00e1 com o tr\u00e2nsito interditado para tr\u00e1fego de ve\u00edculos, a partir desta quarta-feira, 27. Com a homologa\u00e7\u00e3o da regulariza\u00e7\u00e3o do Com\u00e9rcio Popular no Centro, o espa\u00e7o ser\u00e1 transformado em uma \u00e1rea de ocupa\u00e7\u00e3o para pedestres e comerciantes para garantir mais mobilidade, conforto e seguran\u00e7a para os clientes e para os comerciantes populares e lojistas.<br \/>\nO ponto de t\u00e1xi que ficava no trecho foi remanejado na \u00faltima semana para a pr\u00f3pria Rua Batista de Oliveira, em frente ao Conservat\u00f3rio Estadual de M\u00fasica, 377<\/p>\n","protected":false},"excerpt":{"rendered":"<p>Segundo informa\u00e7\u00f5es do site da Prefeitura de Juiz de Fora (PJF), a\u00a0Rua Batista de Oliveira, no trecho entre as ruas Marechal Deodoro e S\u00e3o Jo\u00e3o, est\u00e1 com o tr\u00e2nsito interditado para tr\u00e1fego de ve\u00edculos, a partir desta quarta-feira, 27. Com a homologa\u00e7\u00e3o da regulariza\u00e7\u00e3o do Com\u00e9rcio Popular no Centro, o espa\u00e7o ser\u00e1 transformado em uma [&hellip;]<\/p>\n","protected":false},"author":246,"featured_media":218302,"comment_status":"closed","ping_status":"closed","sticky":false,"template":"","format":"standard","meta":{"footnotes":""},"categories":[253,436,440,439],"tags":[],"class_list":["post-218301","post","type-post","status-publish","format-standard","has-post-thumbnail","hentry","category-cidade","category-destaque-da-semana","category-destaques-do-dia","category-ultima-hora"],"_links":{"self":[{"href":"https:\/\/diarioregionaldigital.com.br\/index.php?rest_route=\/wp\/v2\/posts\/218301","targetHints":{"allow":["GET"]}}],"collection":[{"href":"https:\/\/diarioregionaldigital.com.br\/index.php?rest_route=\/wp\/v2\/posts"}],"about":[{"href":"https:\/\/diarioregionaldigital.com.br\/index.php?rest_route=\/wp\/v2\/types\/post"}],"author":[{"embeddable":true,"href":"https:\/\/diarioregionaldigital.com.br\/index.php?rest_route=\/wp\/v2\/users\/246"}],"replies":[{"embeddable":true,"href":"https:\/\/diarioregionaldigital.com.br\/index.php?rest_route=%2Fwp%2Fv2%2Fcomments&post=218301"}],"version-history":[{"count":1,"href":"https:\/\/diarioregionaldigital.com.br\/index.php?rest_route=\/wp\/v2\/posts\/218301\/revisions"}],"predecessor-version":[{"id":218303,"href":"https:\/\/diarioregionaldigital.com.br\/index.php?rest_route=\/wp\/v2\/posts\/218301\/revisions\/218303"}],"wp:featuredmedia":[{"embeddable":true,"href":"https:\/\/diarioregionaldigital.com.br\/index.php?rest_route=\/wp\/v2\/media\/218302"}],"wp:attachment":[{"href":"https:\/\/diarioregionaldigital.com.br\/index.php?rest_route=%2Fwp%2Fv2%2Fmedia&parent=218301"}],"wp:term":[{"taxonomy":"category","embeddable":true,"href":"https:\/\/diarioregionaldigital.com.br\/index.php?rest_route=%2Fwp%2Fv2%2Fcategories&post=218301"},{"taxonomy":"post_tag","embeddable":true,"href":"https:\/\/diarioregionaldigital.com.br\/index.php?rest_route=%2Fwp%2Fv2%2Ftags&post=218301"}],"curies":[{"name":"wp","href":"https:\/\/api.w.org\/{rel}","templated":true}]}}