{"id":218266,"date":"2023-09-26T23:53:33","date_gmt":"2023-09-27T02:53:33","guid":{"rendered":"https:\/\/diarioregionaldigital.com.br\/?p=218266"},"modified":"2023-09-26T23:53:33","modified_gmt":"2023-09-27T02:53:33","slug":"bolsonaro-vira-reu-por-incitacao-ao-crime-de-estupro","status":"publish","type":"post","link":"https:\/\/diarioregionaldigital.com.br\/?p=218266","title":{"rendered":"Bolsonaro vira r\u00e9u por incita\u00e7\u00e3o ao crime de estupro"},"content":{"rendered":"<p>A Justi\u00e7a do Distrito Federal autorizou o prosseguimento da a\u00e7\u00e3o penal na qual o ex-presidente Jair Bolsonaro \u00e9 r\u00e9u por incita\u00e7\u00e3o ao crime de estupro.<img decoding=\"async\" src=\"https:\/\/agenciabrasil.ebc.com.br\/ebc.png?id=1557740&amp;o=node\" \/><img decoding=\"async\" src=\"https:\/\/agenciabrasil.ebc.com.br\/ebc.gif?id=1557740&amp;o=node\" \/><\/p>\n<p>O caso envolve o discurso proferido por Bolsonaro no plen\u00e1rio da C\u00e2mara dos Deputados em dezembro de 2014, quando ele era deputado federal.<\/p>\n<p>Na ocasi\u00e3o, o ent\u00e3o parlamentar disse que s\u00f3 n\u00e3o estupraria a deputada Maria do Ros\u00e1rio (PT-RS) porque &#8220;ela n\u00e3o merecia&#8221;. Ap\u00f3s as declara\u00e7\u00f5es, Bolsonaro foi processado pelo Minist\u00e9rio P\u00fablico Federal (MPF) e por Maria do Ros\u00e1rio.<\/p>\n<p>Bolsonaro passou a responder \u00e0s acusa\u00e7\u00f5es no Supremo Tribunal Federal (STF), mas o processo foi suspenso ap\u00f3s ele assumir a Presid\u00eancia da Rep\u00fablica, em 2019. Com o fim do mandato e do foro privilegiado, o caso seguiu para a primeira inst\u00e2ncia da Justi\u00e7a.<\/p>\n<p>A decis\u00e3o que retomou o processo contra Bolsonaro foi assinada no dia 24 de agosto e divulgada nesta ter\u00e7a-feira.<\/p>\n<h2>Defesa<\/h2>\n<p>Pelas redes sociais, o ex-presidente se manifestou sobre a decis\u00e3o.<\/p>\n<p>&#8220;Mais uma: agora de fato de 2014. A persegui\u00e7\u00e3o n\u00e3o para! Defendemos desde sempre puni\u00e7\u00e3o mais severa para quem cometa esse tipo de crime e justamente quem defende o criminoso agora vira a \u201cv\u00edtima\u201d. Fui insultado, me defendo e mais uma vez a ordem dos fatos \u00e9 modificada para confirmar mais uma persegui\u00e7\u00e3o pol\u00edtica conhecida por todos!,&#8221; declarou.<\/p>\n<p><span style=\"font-weight: 400;\">Fonte: Ag\u00eancia Brasil <\/span><\/p>\n","protected":false},"excerpt":{"rendered":"<p>A Justi\u00e7a do Distrito Federal autorizou o prosseguimento da a\u00e7\u00e3o penal na qual o ex-presidente Jair Bolsonaro \u00e9 r\u00e9u por incita\u00e7\u00e3o ao crime de estupro. O caso envolve o discurso proferido por Bolsonaro no plen\u00e1rio da C\u00e2mara dos Deputados em dezembro de 2014, quando ele era deputado federal. Na ocasi\u00e3o, o ent\u00e3o parlamentar disse que [&hellip;]<\/p>\n","protected":false},"author":246,"featured_media":218267,"comment_status":"closed","ping_status":"closed","sticky":false,"template":"","format":"standard","meta":{"footnotes":""},"categories":[436,254,439],"tags":[],"class_list":["post-218266","post","type-post","status-publish","format-standard","has-post-thumbnail","hentry","category-destaque-da-semana","category-politica","category-ultima-hora"],"_links":{"self":[{"href":"https:\/\/diarioregionaldigital.com.br\/index.php?rest_route=\/wp\/v2\/posts\/218266","targetHints":{"allow":["GET"]}}],"collection":[{"href":"https:\/\/diarioregionaldigital.com.br\/index.php?rest_route=\/wp\/v2\/posts"}],"about":[{"href":"https:\/\/diarioregionaldigital.com.br\/index.php?rest_route=\/wp\/v2\/types\/post"}],"author":[{"embeddable":true,"href":"https:\/\/diarioregionaldigital.com.br\/index.php?rest_route=\/wp\/v2\/users\/246"}],"replies":[{"embeddable":true,"href":"https:\/\/diarioregionaldigital.com.br\/index.php?rest_route=%2Fwp%2Fv2%2Fcomments&post=218266"}],"version-history":[{"count":1,"href":"https:\/\/diarioregionaldigital.com.br\/index.php?rest_route=\/wp\/v2\/posts\/218266\/revisions"}],"predecessor-version":[{"id":218268,"href":"https:\/\/diarioregionaldigital.com.br\/index.php?rest_route=\/wp\/v2\/posts\/218266\/revisions\/218268"}],"wp:featuredmedia":[{"embeddable":true,"href":"https:\/\/diarioregionaldigital.com.br\/index.php?rest_route=\/wp\/v2\/media\/218267"}],"wp:attachment":[{"href":"https:\/\/diarioregionaldigital.com.br\/index.php?rest_route=%2Fwp%2Fv2%2Fmedia&parent=218266"}],"wp:term":[{"taxonomy":"category","embeddable":true,"href":"https:\/\/diarioregionaldigital.com.br\/index.php?rest_route=%2Fwp%2Fv2%2Fcategories&post=218266"},{"taxonomy":"post_tag","embeddable":true,"href":"https:\/\/diarioregionaldigital.com.br\/index.php?rest_route=%2Fwp%2Fv2%2Ftags&post=218266"}],"curies":[{"name":"wp","href":"https:\/\/api.w.org\/{rel}","templated":true}]}}