{"id":218251,"date":"2023-09-26T00:25:29","date_gmt":"2023-09-26T03:25:29","guid":{"rendered":"https:\/\/diarioregionaldigital.com.br\/?p=218251"},"modified":"2023-09-26T00:25:29","modified_gmt":"2023-09-26T03:25:29","slug":"copa-prefeitura-de-futsal-2023-6-jogos-fecham-a-7a-rodada","status":"publish","type":"post","link":"https:\/\/diarioregionaldigital.com.br\/?p=218251","title":{"rendered":"Copa Prefeitura de Futsal 2023: 6 jogos fecham a 7\u00aa rodada"},"content":{"rendered":"<div id=\"box_texto_noticia\">\n<div>Segundo informa\u00e7\u00f5es do site da Prefeitura de Juiz de Fora (PJF), no s\u00e1bado, 23, seis jogos fecharam a 7\u00aa rodada da Copa Prefeitura de Futsal. Na categoria sub-11, a Vasco Academy venceu a Obras Sociais Santo Ant\u00f4nio, por 2 a 0. Na categoria sub-13, a Obras Sociais Santo Ant\u00f4nio se deu melhor e ganhou por 3 a 0 o A.E.U. Na categoria sub-17 masculina, tivemos outro 3 a 0, desta vez da equipe Tabu\u00f5es pra cima do Machado Sobrinho. No sub-15, o Independente Futsal derrotou nos p\u00eanaltis por 4 a 2 o Eldorado F.C. e o Merc\u00eas goleou por 5 a 1 o Wolves JF.\u00a0 Por fim, no adulto masculino, o Shaktar da Leste fechou a rodada com uma goleada de 11 a 2 sobre a Associa\u00e7\u00e3o dos Surdos de JF. Na s\u00e9tima rodada, foram 30 jogos no total e 160 gols marcados. O boletim completo pode ser conferido em anexo.<\/p>\n<p><strong>Copa Prefeitura de Futsal<\/strong><\/p>\n<p>A Copa Prefeitura de Futsal tem como objetivo integrar, atrav\u00e9s da pr\u00e1tica desportiva, representantes das diversas camadas sociais do munic\u00edpio; oportunizar a mobiliza\u00e7\u00e3o e organiza\u00e7\u00e3o comunit\u00e1ria, atrav\u00e9s da pr\u00e1tica desportiva; incrementar a pr\u00e1tica do futsal, estimulando e valorizando as equipes locais e regionais, fortalecendo a Liga Juizforana de Futebol de Sal\u00e3o, com grande participa\u00e7\u00e3o dos clubes; criar oportunidades para o surgimento de atletas de futsal, que possam representar Juiz de Fora em competi\u00e7\u00f5es na modalidade, em n\u00edveis regional, estadual e nacional e oferecer momentos de lazer e integra\u00e7\u00e3o social.<\/p>\n<p><strong>Outras informa\u00e7\u00f5es:<\/strong><\/p>\n<p>Secretaria de Esporte e Lazer &#8211; 3690-7845<\/p><\/div>\n<\/div>\n<p>&nbsp;<\/p>\n<div class=\"texto_anexo\"><img loading=\"lazy\" decoding=\"async\" src=\"https:\/\/www.pjf.mg.gov.br\/imagens\/clips.jpg\" width=\"22\" height=\"20\" \/>\u00a0<a href=\"https:\/\/www.pjf.mg.gov.br\/noticias\/anexo\/BoletimFutsal07-2023-RESULT..pdf\" target=\"_blank\" rel=\"noopener\">Veja o anexo<\/a><\/div>\n","protected":false},"excerpt":{"rendered":"<p>Segundo informa\u00e7\u00f5es do site da Prefeitura de Juiz de Fora (PJF), no s\u00e1bado, 23, seis jogos fecharam a 7\u00aa rodada da Copa Prefeitura de Futsal. Na categoria sub-11, a Vasco Academy venceu a Obras Sociais Santo Ant\u00f4nio, por 2 a 0. Na categoria sub-13, a Obras Sociais Santo Ant\u00f4nio se deu melhor e ganhou por [&hellip;]<\/p>\n","protected":false},"author":246,"featured_media":218252,"comment_status":"closed","ping_status":"closed","sticky":false,"template":"","format":"standard","meta":{"footnotes":""},"categories":[253,436,439],"tags":[],"class_list":["post-218251","post","type-post","status-publish","format-standard","has-post-thumbnail","hentry","category-cidade","category-destaque-da-semana","category-ultima-hora"],"_links":{"self":[{"href":"https:\/\/diarioregionaldigital.com.br\/index.php?rest_route=\/wp\/v2\/posts\/218251","targetHints":{"allow":["GET"]}}],"collection":[{"href":"https:\/\/diarioregionaldigital.com.br\/index.php?rest_route=\/wp\/v2\/posts"}],"about":[{"href":"https:\/\/diarioregionaldigital.com.br\/index.php?rest_route=\/wp\/v2\/types\/post"}],"author":[{"embeddable":true,"href":"https:\/\/diarioregionaldigital.com.br\/index.php?rest_route=\/wp\/v2\/users\/246"}],"replies":[{"embeddable":true,"href":"https:\/\/diarioregionaldigital.com.br\/index.php?rest_route=%2Fwp%2Fv2%2Fcomments&post=218251"}],"version-history":[{"count":1,"href":"https:\/\/diarioregionaldigital.com.br\/index.php?rest_route=\/wp\/v2\/posts\/218251\/revisions"}],"predecessor-version":[{"id":218253,"href":"https:\/\/diarioregionaldigital.com.br\/index.php?rest_route=\/wp\/v2\/posts\/218251\/revisions\/218253"}],"wp:featuredmedia":[{"embeddable":true,"href":"https:\/\/diarioregionaldigital.com.br\/index.php?rest_route=\/wp\/v2\/media\/218252"}],"wp:attachment":[{"href":"https:\/\/diarioregionaldigital.com.br\/index.php?rest_route=%2Fwp%2Fv2%2Fmedia&parent=218251"}],"wp:term":[{"taxonomy":"category","embeddable":true,"href":"https:\/\/diarioregionaldigital.com.br\/index.php?rest_route=%2Fwp%2Fv2%2Fcategories&post=218251"},{"taxonomy":"post_tag","embeddable":true,"href":"https:\/\/diarioregionaldigital.com.br\/index.php?rest_route=%2Fwp%2Fv2%2Ftags&post=218251"}],"curies":[{"name":"wp","href":"https:\/\/api.w.org\/{rel}","templated":true}]}}