{"id":218248,"date":"2023-09-26T00:22:53","date_gmt":"2023-09-26T03:22:53","guid":{"rendered":"https:\/\/diarioregionaldigital.com.br\/?p=218248"},"modified":"2023-09-26T00:22:53","modified_gmt":"2023-09-26T03:22:53","slug":"corrida-da-cesama-arrecada-quase-mil-quilos-de-alimentos","status":"publish","type":"post","link":"https:\/\/diarioregionaldigital.com.br\/?p=218248","title":{"rendered":"Corrida da Cesama arrecada quase mil quilos de alimentos"},"content":{"rendered":"<p>Segundo informa\u00e7\u00f5es do site da Prefeitura de Juiz de Fora (PJF), quase mil quilos de alimentos arrecadados, dentre eles, 276 quilos de arroz, 270 de feij\u00e3o e 230 de a\u00e7\u00facar, destinados a institui\u00e7\u00f5es do projeto &#8220;Mesa de Cidadania &#8211; Espa\u00e7o de Articula\u00e7\u00e3o e Integra\u00e7\u00e3o das A\u00e7\u00f5es de Combate \u00e0 Fome&#8221;, da Prefeitura de Juiz de Fora. Foi assim que a Companhia de Saneamento Municipal (Cesama) estreou na realiza\u00e7\u00e3o de uma corrida de rua, cujas doa\u00e7\u00f5es davam direito \u00e0 inscri\u00e7\u00e3o no evento. A iniciativa, que aconteceu na manh\u00e3 deste domingo, superou todas as expectativas, tendo mais de 600 participantes, entre trabalhadores da Cesama, familiares e popula\u00e7\u00e3o, em uma manh\u00e3 de divers\u00e3o, esporte, sa\u00fade e solidariedade.<\/p>\n<p>O diretor-presidente da Cesama, J\u00falio C\u00e9sar Teixeira, ressalta a sintonia que h\u00e1 entre a voca\u00e7\u00e3o da companhia de saneamento e um evento esportivo. \u201cSomos uma empresa que trabalha com sa\u00fade p\u00fablica, fornecendo \u00e1gua de qualidade e coletando e tratando os esgotos da cidade\u201d. Por tudo isso, ele completa, \u201ca corrida \u00e9 uma celebra\u00e7\u00e3o da sa\u00fade e da \u00e1gua, um bem t\u00e3o precioso. Ent\u00e3o esse evento tamb\u00e9m tem a cara do neg\u00f3cio da Cesama, o que muito nos alegra\u201d.<\/p>\n<p>\u201cTemos que enaltecer uma oportunidade como essa, onde a Prefeitura, por meio da Cesama, que \u00e9 uma empresa p\u00fablica, fomenta o esporte na cidade\u201d, enfatizou Marcelo Matta, secret\u00e1rio de Esporte e Lazer da PJF. E ele destaca porque a iniciativa da companhia de promover uma corrida deve ser \u201cvalorizada, reconhecida e apoiada\u201d. \u201c\u00c9 uma presid\u00eancia que faz uma administra\u00e7\u00e3o enxuta e, principalmente, que apoia atividades culturais, promovendo a qualidade de vida dos cidad\u00e3os.\u201d<\/p>\n<p>Al\u00e9m de ser um marco na hist\u00f3ria da Cesama, a corrida tamb\u00e9m vai ter lugar especial na vida da corredora L\u00edvia de Souza Alves, que conquistou o primeiro lugar geral feminino. \u201cEssa \u00e9 a primeira vez que eu consigo essa posi\u00e7\u00e3o. Fiquei muito feliz, n\u00e3o esperava\u201d, comemora L\u00edvia.<\/p>\n<p>J\u00e1 o vencedor geral masculino, veterano nos p\u00f3dios, Waldir Jos\u00e9 da Silva, conta porque vencer a Corrida da Cesama tem um significado especial. \u201cTemos que parabenizar por essa iniciativa de comemorar um anivers\u00e1rio com esse evento, nesse para\u00edso, perto da Represa de S\u00e3o Pedro e da mata\u201d. E ele conclui. \u201cFoi um evento sem nenhuma falha. Espero que continue ano que vem, inclusive fazendo parte do ranking da Prefeitura\u201d, torce Waldir.<\/p>\n<p><strong>Alimentos est\u00e3o sendo distribu\u00eddos j\u00e1 nesta segunda-feira, 25<\/strong><\/p>\n<p>Os alimentos arrecadados foram disponibilizados pela Cesama para o &#8220;Mesa de Cidadania &#8211; Espa\u00e7o de Articula\u00e7\u00e3o e Integra\u00e7\u00e3o das A\u00e7\u00f5es de Combate \u00e0 Fome&#8221;, trabalho da PJF que debate, junto \u00e0s entidades que realizam e apoiam o trabalho de assist\u00eancia social em Juiz de Fora, a\u00e7\u00f5es para lidar de uma melhor maneira com o desafio da fome. Vinte e tr\u00eas institui\u00e7\u00f5es receberam as doa\u00e7\u00f5es feitas pela Secretaria Especial de Direitos Humanos (SEDH) durante esta segunda-feira, 25.<\/p>\n<p><strong>Outras informa\u00e7\u00f5es:<\/strong><\/p>\n<p>Assessoria de Comunica\u00e7\u00e3o 3692-9179<\/p>\n","protected":false},"excerpt":{"rendered":"<p>Segundo informa\u00e7\u00f5es do site da Prefeitura de Juiz de Fora (PJF), quase mil quilos de alimentos arrecadados, dentre eles, 276 quilos de arroz, 270 de feij\u00e3o e 230 de a\u00e7\u00facar, destinados a institui\u00e7\u00f5es do projeto &#8220;Mesa de Cidadania &#8211; Espa\u00e7o de Articula\u00e7\u00e3o e Integra\u00e7\u00e3o das A\u00e7\u00f5es de Combate \u00e0 Fome&#8221;, da Prefeitura de Juiz de [&hellip;]<\/p>\n","protected":false},"author":246,"featured_media":218249,"comment_status":"closed","ping_status":"closed","sticky":false,"template":"","format":"standard","meta":{"footnotes":""},"categories":[253,436,440,439],"tags":[],"class_list":["post-218248","post","type-post","status-publish","format-standard","has-post-thumbnail","hentry","category-cidade","category-destaque-da-semana","category-destaques-do-dia","category-ultima-hora"],"_links":{"self":[{"href":"https:\/\/diarioregionaldigital.com.br\/index.php?rest_route=\/wp\/v2\/posts\/218248","targetHints":{"allow":["GET"]}}],"collection":[{"href":"https:\/\/diarioregionaldigital.com.br\/index.php?rest_route=\/wp\/v2\/posts"}],"about":[{"href":"https:\/\/diarioregionaldigital.com.br\/index.php?rest_route=\/wp\/v2\/types\/post"}],"author":[{"embeddable":true,"href":"https:\/\/diarioregionaldigital.com.br\/index.php?rest_route=\/wp\/v2\/users\/246"}],"replies":[{"embeddable":true,"href":"https:\/\/diarioregionaldigital.com.br\/index.php?rest_route=%2Fwp%2Fv2%2Fcomments&post=218248"}],"version-history":[{"count":1,"href":"https:\/\/diarioregionaldigital.com.br\/index.php?rest_route=\/wp\/v2\/posts\/218248\/revisions"}],"predecessor-version":[{"id":218250,"href":"https:\/\/diarioregionaldigital.com.br\/index.php?rest_route=\/wp\/v2\/posts\/218248\/revisions\/218250"}],"wp:featuredmedia":[{"embeddable":true,"href":"https:\/\/diarioregionaldigital.com.br\/index.php?rest_route=\/wp\/v2\/media\/218249"}],"wp:attachment":[{"href":"https:\/\/diarioregionaldigital.com.br\/index.php?rest_route=%2Fwp%2Fv2%2Fmedia&parent=218248"}],"wp:term":[{"taxonomy":"category","embeddable":true,"href":"https:\/\/diarioregionaldigital.com.br\/index.php?rest_route=%2Fwp%2Fv2%2Fcategories&post=218248"},{"taxonomy":"post_tag","embeddable":true,"href":"https:\/\/diarioregionaldigital.com.br\/index.php?rest_route=%2Fwp%2Fv2%2Ftags&post=218248"}],"curies":[{"name":"wp","href":"https:\/\/api.w.org\/{rel}","templated":true}]}}