{"id":218239,"date":"2023-09-25T23:20:41","date_gmt":"2023-09-26T02:20:41","guid":{"rendered":"https:\/\/diarioregionaldigital.com.br\/?p=218239"},"modified":"2023-09-25T23:20:41","modified_gmt":"2023-09-26T02:20:41","slug":"novos-contingenciamentos-dependerao-de-receitas-do-governo-diz-tebet","status":"publish","type":"post","link":"https:\/\/diarioregionaldigital.com.br\/?p=218239","title":{"rendered":"Novos contingenciamentos depender\u00e3o de receitas do governo, diz Tebet"},"content":{"rendered":"<p>A ministra do Planejamento, Simone Tebet, afirmou, nesta segunda-feira (25), que a ocorr\u00eancia de novos contingenciamentos no Or\u00e7amento Geral da Uni\u00e3o em 2023 depender\u00e1 do comportamento das receitas do governo. De acordo com a ministra, caso as receitas n\u00e3o \u201cse frustrem\u201d nos pr\u00f3ximos quatro meses, os bloqueios n\u00e3o dever\u00e3o ocorrer.<img decoding=\"async\" src=\"https:\/\/agenciabrasil.ebc.com.br\/ebc.png?id=1557395&amp;o=node\" \/><img decoding=\"async\" src=\"https:\/\/agenciabrasil.ebc.com.br\/ebc.gif?id=1557395&amp;o=node\" \/><\/p>\n<p>\u201cVamos ver como que a receita vai reagir nos pr\u00f3ximos quatro meses. Sem isso, n\u00e3o d\u00e1 para fazer uma avalia\u00e7\u00e3o. Vamos lembrar que o bloqueio n\u00e3o foi significativo nesse quarto relat\u00f3rio bimestral, mas ele aconteceu justamente por conta da frustra\u00e7\u00e3o da receita. Se as receitas n\u00e3o nos frustrarem nos pr\u00f3ximos dois bimestres, n\u00f3s podemos estar falando em n\u00e3o haver bloqueio\u201d, disse Simone Tebet, em entrevista na capital paulista.<\/p>\n<p>Na sexta-feira (22), o governo anunciou que fez o contingenciamento (bloqueio tempor\u00e1rio) de mais R$ 600 milh\u00f5es do Or\u00e7amento Geral da Uni\u00e3o de 2023. Com isso, o total bloqueado este ano subiu de R$ 3,2 bilh\u00f5es para R$ 3,8 bilh\u00f5es, valor considerado baixo diante do total das despesas prim\u00e1rias, estimadas em R$ 2,056 trilh\u00f5es para 2023.<\/p>\n<p>A ministra ressaltou que, caso as receitas n\u00e3o sejam as esperadas, e o governo ainda tenha que cumprir com o m\u00ednimo constitucional para sa\u00fade e educa\u00e7\u00e3o, haver\u00e1 impacto em programas sociais importantes.<\/p>\n<p>\u201cSe ela [receita] vier frustrada, aliada a uma interpreta\u00e7\u00e3o de aplica\u00e7\u00e3o do m\u00ednimo constitucional para sa\u00fade, a\u00ed n\u00f3s podemos estar falando de um bloqueio significativo. Repito, vai impactar negativamente pol\u00edticas p\u00fablicas consideradas essenciais para o Brasil\u201d, disse na entrevista, antes de fazer palestra na Funda\u00e7\u00e3o Getulio Vargas (FGV), na regi\u00e3o da Avenida Paulista, em S\u00e3o Paulo.<\/p>\n<p>O novo arcabou\u00e7o fiscal, em vigor desde 31 de agosto, restabeleceu a regra anterior, que obrigava o governo a aplicar 15% da receita corrente l\u00edquida (RCL) em sa\u00fade e educa\u00e7\u00e3o, conforme determina a Constitui\u00e7\u00e3o Federal.<\/p>\n<p>O or\u00e7amento de 2023, elaborado antes da aprova\u00e7\u00e3o do arcabou\u00e7o, reservava R$ 168 bilh\u00f5es para a sa\u00fade. No entanto, o Relat\u00f3rio Bimestral de Avalia\u00e7\u00e3o de Receitas e Despesas, divulgado na sexta-feira, atualizou as estimativas da RCL para cerca de R$ 1,26 trilh\u00e3o, elevando o limite m\u00ednimo da sa\u00fade para R$ 189 bilh\u00f5es, R$ 21 bilh\u00f5es acima do previsto.<\/p>\n<p>\u201cQualquer cen\u00e1rio que nos imponha os percentuais m\u00ednimos da Constitui\u00e7\u00e3o, especialmente na \u00e1rea da sa\u00fade, onde h\u00e1 uma margem maior para libera\u00e7\u00e3o de recursos, vai, sim, impactar, e decisivamente, pol\u00edticas p\u00fablicas essenciais no Brasil\u201d, disse Tebet.<\/p>\n<p>De acordo com a ministra, o governo ainda n\u00e3o decidiu como enfrentar a quest\u00e3o. \u201cN\u00f3s ainda n\u00e3o sentamos para avaliar se vamos fazer a consulta via Tribunal de Contas da Uni\u00e3o, ou se vamos aguardar, antes, a vota\u00e7\u00e3o de um projeto que est\u00e1 sendo apresentado no Congresso Nacional.\u201d<\/p>\n<p><span style=\"font-weight: 400;\">Fonte: Ag\u00eancia Brasil <\/span><\/p>\n","protected":false},"excerpt":{"rendered":"<p>A ministra do Planejamento, Simone Tebet, afirmou, nesta segunda-feira (25), que a ocorr\u00eancia de novos contingenciamentos no Or\u00e7amento Geral da Uni\u00e3o em 2023 depender\u00e1 do comportamento das receitas do governo. De acordo com a ministra, caso as receitas n\u00e3o \u201cse frustrem\u201d nos pr\u00f3ximos quatro meses, os bloqueios n\u00e3o dever\u00e3o ocorrer. \u201cVamos ver como que a [&hellip;]<\/p>\n","protected":false},"author":246,"featured_media":218240,"comment_status":"closed","ping_status":"closed","sticky":false,"template":"","format":"standard","meta":{"footnotes":""},"categories":[436,440,261,439],"tags":[],"class_list":["post-218239","post","type-post","status-publish","format-standard","has-post-thumbnail","hentry","category-destaque-da-semana","category-destaques-do-dia","category-economia","category-ultima-hora"],"_links":{"self":[{"href":"https:\/\/diarioregionaldigital.com.br\/index.php?rest_route=\/wp\/v2\/posts\/218239","targetHints":{"allow":["GET"]}}],"collection":[{"href":"https:\/\/diarioregionaldigital.com.br\/index.php?rest_route=\/wp\/v2\/posts"}],"about":[{"href":"https:\/\/diarioregionaldigital.com.br\/index.php?rest_route=\/wp\/v2\/types\/post"}],"author":[{"embeddable":true,"href":"https:\/\/diarioregionaldigital.com.br\/index.php?rest_route=\/wp\/v2\/users\/246"}],"replies":[{"embeddable":true,"href":"https:\/\/diarioregionaldigital.com.br\/index.php?rest_route=%2Fwp%2Fv2%2Fcomments&post=218239"}],"version-history":[{"count":1,"href":"https:\/\/diarioregionaldigital.com.br\/index.php?rest_route=\/wp\/v2\/posts\/218239\/revisions"}],"predecessor-version":[{"id":218241,"href":"https:\/\/diarioregionaldigital.com.br\/index.php?rest_route=\/wp\/v2\/posts\/218239\/revisions\/218241"}],"wp:featuredmedia":[{"embeddable":true,"href":"https:\/\/diarioregionaldigital.com.br\/index.php?rest_route=\/wp\/v2\/media\/218240"}],"wp:attachment":[{"href":"https:\/\/diarioregionaldigital.com.br\/index.php?rest_route=%2Fwp%2Fv2%2Fmedia&parent=218239"}],"wp:term":[{"taxonomy":"category","embeddable":true,"href":"https:\/\/diarioregionaldigital.com.br\/index.php?rest_route=%2Fwp%2Fv2%2Fcategories&post=218239"},{"taxonomy":"post_tag","embeddable":true,"href":"https:\/\/diarioregionaldigital.com.br\/index.php?rest_route=%2Fwp%2Fv2%2Ftags&post=218239"}],"curies":[{"name":"wp","href":"https:\/\/api.w.org\/{rel}","templated":true}]}}