{"id":218237,"date":"2023-09-24T06:00:01","date_gmt":"2023-09-24T09:00:01","guid":{"rendered":"https:\/\/diarioregionaldigital.com.br\/?p=218237"},"modified":"2023-09-25T05:16:49","modified_gmt":"2023-09-25T08:16:49","slug":"o-sucesso-da-bienal","status":"publish","type":"post","link":"https:\/\/diarioregionaldigital.com.br\/?p=218237","title":{"rendered":"O sucesso da bienal"},"content":{"rendered":"<p>A \u00faltima Bienal do Livro, no Riocentro, foi a maior de todos os tempos. Em termos de comparecimento de p\u00fablico e tamb\u00e9m de venda de livros. Isso deixou felizes os nossos editores, antes desolador por uma perspectiva nada animadora. Parecia inexor\u00e1vel a supremacia do digital, ma n\u00e3o foi o que se viu. Curioso \u00e9 que essa volta do interesse pelo livro impresso foi tamb\u00e9m um fen\u00f4meno que aconteceu recentemente na Su\u00e9cia e em outros pa\u00edses.<\/p>\n<p>Comecei a minha visita pela ida ao belo estande da Secretaria de Estado de Educa\u00e7\u00e3o, a convite da sua titular, professora Roberta Barreto de Oliveira. Falei a alunos e professores, destacando a necessidade de priorizar os recursos para a educa\u00e7\u00e3o e a forma\u00e7\u00e3o dos mestres, por interm\u00e9dio dos renovados cursos de Pedagogia.<\/p>\n<p>Depois, em companhia do jornalista Ancelmo G\u00f3is, fui para o estande da Academia Brasileira de Letras. Primeira emo\u00e7\u00e3o: um encontro com a imagem de Machado de Assis, em tamanho natural. Que boa ideia! Respondi a algumas perguntas, sobretudo em rela\u00e7\u00e3o \u00e0s expectativas sobre o emprego de tecnologia na educa\u00e7\u00e3o, como \u00e9 o caso da Intelig\u00eancia Artificial. Falei da necessidade de avan\u00e7ar com todos os cuidados poss\u00edveis, para evitar que caiamos em alucina\u00e7\u00f5es indesejadas. A IA \u00e9 consequ\u00eancia, como ferramenta, da jun\u00e7\u00e3o de hardware e sofware \u00a0e j\u00e1 se encontra em todo o mundo desenvolvido.<\/p>\n<p>O audit\u00f3rio estava cheio e pareceu muito interessado. De l\u00e1 veio a pergunta: \u201cComo melhorar a educa\u00e7\u00e3o brasileira?\u201d Respondi falando do recente encontro com o Ministro da Educa\u00e7\u00e3o, em Bras\u00edlia, na comemora\u00e7\u00e3o do anivers\u00e1rio da ABMES, hoje presidida pelo prof. Celso Niskier, reitor da Unicarioca, e que se encontrava presente no estande \u00a0da ABL. Disse ao Ministro que a educa\u00e7\u00e3o n\u00e3o suporta mais os cortes em suas verbas. Elas s\u00e3o sagradas.<\/p>\n<p>Depois, um aluno quis saber como fazer sucesso na carreira profissional. Falei que o estudo permanente \u00e9 o melhor caminho. Ainda pude fazer refer\u00eancia ao futuro da educa\u00e7\u00e3o \u00e0 dist\u00e2ncia, modalidade que ajudei a colocar na lei Darcy Ribeiro, quando membro do Conselho Nacional de Educa\u00e7\u00e3o. A EAD \u00e9 muito \u00fatil, mas deve ser tratada com qualidade.<\/p>\n","protected":false},"excerpt":{"rendered":"<p>A \u00faltima Bienal do Livro, no Riocentro, foi a maior de todos os tempos. Em termos de comparecimento de p\u00fablico e tamb\u00e9m de venda de livros. Isso deixou felizes os nossos editores, antes desolador por uma perspectiva nada animadora. Parecia inexor\u00e1vel a supremacia do digital, ma n\u00e3o foi o que se viu. Curioso \u00e9 que [&hellip;]<\/p>\n","protected":false},"author":96,"featured_media":0,"comment_status":"closed","ping_status":"closed","sticky":false,"template":"","format":"standard","meta":{"footnotes":""},"categories":[275],"tags":[],"class_list":["post-218237","post","type-post","status-publish","format-standard","hentry","category-arnaldo-niskier"],"_links":{"self":[{"href":"https:\/\/diarioregionaldigital.com.br\/index.php?rest_route=\/wp\/v2\/posts\/218237","targetHints":{"allow":["GET"]}}],"collection":[{"href":"https:\/\/diarioregionaldigital.com.br\/index.php?rest_route=\/wp\/v2\/posts"}],"about":[{"href":"https:\/\/diarioregionaldigital.com.br\/index.php?rest_route=\/wp\/v2\/types\/post"}],"author":[{"embeddable":true,"href":"https:\/\/diarioregionaldigital.com.br\/index.php?rest_route=\/wp\/v2\/users\/96"}],"replies":[{"embeddable":true,"href":"https:\/\/diarioregionaldigital.com.br\/index.php?rest_route=%2Fwp%2Fv2%2Fcomments&post=218237"}],"version-history":[{"count":1,"href":"https:\/\/diarioregionaldigital.com.br\/index.php?rest_route=\/wp\/v2\/posts\/218237\/revisions"}],"predecessor-version":[{"id":218238,"href":"https:\/\/diarioregionaldigital.com.br\/index.php?rest_route=\/wp\/v2\/posts\/218237\/revisions\/218238"}],"wp:attachment":[{"href":"https:\/\/diarioregionaldigital.com.br\/index.php?rest_route=%2Fwp%2Fv2%2Fmedia&parent=218237"}],"wp:term":[{"taxonomy":"category","embeddable":true,"href":"https:\/\/diarioregionaldigital.com.br\/index.php?rest_route=%2Fwp%2Fv2%2Fcategories&post=218237"},{"taxonomy":"post_tag","embeddable":true,"href":"https:\/\/diarioregionaldigital.com.br\/index.php?rest_route=%2Fwp%2Fv2%2Ftags&post=218237"}],"curies":[{"name":"wp","href":"https:\/\/api.w.org\/{rel}","templated":true}]}}