{"id":218235,"date":"2023-09-24T06:00:48","date_gmt":"2023-09-24T09:00:48","guid":{"rendered":"https:\/\/diarioregionaldigital.com.br\/?p=218235"},"modified":"2023-09-25T05:15:39","modified_gmt":"2023-09-25T08:15:39","slug":"capitalismo","status":"publish","type":"post","link":"https:\/\/diarioregionaldigital.com.br\/?p=218235","title":{"rendered":"Capitalismo"},"content":{"rendered":"<p>\u201cO Senhor detesta pesos adulterados, e balan\u00e7as falsificadas n\u00e3o o agradam\u201d (Prov\u00e9rbios 20: 23).<\/p>\n<p>O capitalismo estimula as pessoas a buscar progredir atrav\u00e9s de seus esfor\u00e7os. Este \u00e9 um aspecto positivo, por\u00e9m, talvez seja o \u00fanico.<\/p>\n<p>O consumismo e a avareza s\u00e3o marcas desse sistema ao lado do individualismo e do materialismo. Tudo se tornou mercadoria, inclusive, as rela\u00e7\u00f5es pessoais. Religi\u00e3o, fam\u00edlia, justi\u00e7a, nada est\u00e1 imune aos perversos efeitos do \u201cimp\u00e9rio do capital\u201d. Por isso, a vigil\u00e2ncia deve ser permanentemente calibrada, a fim de que n\u00e3o sejamos tragados pelas perversidades que emanam do sistema que nos enla\u00e7a.<\/p>\n<p>O capitalismo embute na cabe\u00e7a das pessoas que ter coisas \u00e9 o que valoriza a pr\u00f3pria pessoa. O dinheiro acima de tudo, todo o resto ou \u00e9 mercadoria que se compra ou item secund\u00e1rio, sem valor.<\/p>\n<p>Consequentemente, a pr\u00f3pria moral tem sido solapada, ser honesto n\u00e3o \u00e9 t\u00e3o importante quanto possuir bens. N\u00e3o importa se o nome esteja sujo, se \u00e9 para o deleite do consumo, por que n\u00e3o?! Se for para se dar bem, qual \u00e9 o problema de passar algu\u00e9m para tr\u00e1s?! A regra \u00e9 \u201clevar vantagem\u201d custe o que custar, doa a quem doer. Miseric\u00f3rdia!<\/p>\n<p>Cuidado, pode at\u00e9 ser que o sistema te aplauda, pode ser que a justi\u00e7a n\u00e3o o julgue, mas n\u00e3o se esque\u00e7a que Deus est\u00e1 vendo!<\/p>\n<p>\u201cTanto quem oprime o pobre para enriquecer-se como quem faz cortesia ao rico, com certeza passar\u00e3o necessidade\u201d (Prov\u00e9rbios 22: 16).<\/p>\n<p>Outro aspecto terr\u00edvel do sistema capitalista s\u00e3o as desigualdades sociais.<\/p>\n<p>Os ricos s\u00e3o prestigiados, possuem coisas, frequentam lugares restritos, gozam de benef\u00edcios exclusivos, enquanto muitos pobres vivem na mis\u00e9ria, privados do m\u00ednimo, incapacitados socialmente para obter uma vida digna. Miseric\u00f3rdia!<\/p>\n<p>O que as pessoas deveriam se dar conta \u00e9 que a solu\u00e7\u00e3o para o problema n\u00e3o est\u00e1 nas contabilidades p\u00fablicas nem t\u00e3o pouco nas decis\u00f5es pol\u00edticas, mas na transforma\u00e7\u00e3o interior do ser humano.<\/p>\n<p>Pois a opress\u00e3o econ\u00f4mica \u00e9 uma das diversas formas de opress\u00e3o, n\u00e3o vale a pena t\u00e3o somente trocar uma por outra, a opress\u00e3o econ\u00f4mica pela opress\u00e3o pol\u00edtica, a opress\u00e3o pol\u00edtica pela opress\u00e3o ideol\u00f3gica, a opress\u00e3o ideol\u00f3gica pela opress\u00e3o social,\u2026<\/p>\n<p>A opress\u00e3o \u00e9 uma marca deste mundo governado por for\u00e7as malignas. A liberdade depende que os cora\u00e7\u00f5es sejam libertados dos elementos opressores desta era de trevas: inveja, avareza, cobi\u00e7a, vaidade, pregui\u00e7a, lasc\u00edvia, inj\u00faria, ira, v\u00edcios, \u2026<\/p>\n<p>Tal liberta\u00e7\u00e3o n\u00e3o \u00e9 plano de homem, \u00e9 d\u00e1diva de Deus!<\/p>\n<p>Portanto, aos ricos advertimos:<\/p>\n<p>\u201cEnt\u00e3o lhes disse: \u2018Cuidado! Fiquem de sobreaviso contra todo tipo de gan\u00e2ncia; a vida de um homem n\u00e3o consiste na quantidade dos seus bens\u2019&#8221; (Lucas 12: 15).<\/p>\n<p>E aos pobres proclamamos:<\/p>\n<p>\u201cBusquem, pois, em primeiro lugar o Reino de Deus e a sua justi\u00e7a, e todas essas coisas lhes ser\u00e3o acrescentadas\u201d (Mateus 6: 33).<\/p>\n","protected":false},"excerpt":{"rendered":"<p>\u201cO Senhor detesta pesos adulterados, e balan\u00e7as falsificadas n\u00e3o o agradam\u201d (Prov\u00e9rbios 20: 23). O capitalismo estimula as pessoas a buscar progredir atrav\u00e9s de seus esfor\u00e7os. Este \u00e9 um aspecto positivo, por\u00e9m, talvez seja o \u00fanico. O consumismo e a avareza s\u00e3o marcas desse sistema ao lado do individualismo e do materialismo. Tudo se tornou [&hellip;]<\/p>\n","protected":false},"author":96,"featured_media":0,"comment_status":"closed","ping_status":"closed","sticky":false,"template":"","format":"standard","meta":{"footnotes":""},"categories":[1244],"tags":[],"class_list":["post-218235","post","type-post","status-publish","format-standard","hentry","category-oleg-abramov"],"_links":{"self":[{"href":"https:\/\/diarioregionaldigital.com.br\/index.php?rest_route=\/wp\/v2\/posts\/218235","targetHints":{"allow":["GET"]}}],"collection":[{"href":"https:\/\/diarioregionaldigital.com.br\/index.php?rest_route=\/wp\/v2\/posts"}],"about":[{"href":"https:\/\/diarioregionaldigital.com.br\/index.php?rest_route=\/wp\/v2\/types\/post"}],"author":[{"embeddable":true,"href":"https:\/\/diarioregionaldigital.com.br\/index.php?rest_route=\/wp\/v2\/users\/96"}],"replies":[{"embeddable":true,"href":"https:\/\/diarioregionaldigital.com.br\/index.php?rest_route=%2Fwp%2Fv2%2Fcomments&post=218235"}],"version-history":[{"count":1,"href":"https:\/\/diarioregionaldigital.com.br\/index.php?rest_route=\/wp\/v2\/posts\/218235\/revisions"}],"predecessor-version":[{"id":218236,"href":"https:\/\/diarioregionaldigital.com.br\/index.php?rest_route=\/wp\/v2\/posts\/218235\/revisions\/218236"}],"wp:attachment":[{"href":"https:\/\/diarioregionaldigital.com.br\/index.php?rest_route=%2Fwp%2Fv2%2Fmedia&parent=218235"}],"wp:term":[{"taxonomy":"category","embeddable":true,"href":"https:\/\/diarioregionaldigital.com.br\/index.php?rest_route=%2Fwp%2Fv2%2Fcategories&post=218235"},{"taxonomy":"post_tag","embeddable":true,"href":"https:\/\/diarioregionaldigital.com.br\/index.php?rest_route=%2Fwp%2Fv2%2Ftags&post=218235"}],"curies":[{"name":"wp","href":"https:\/\/api.w.org\/{rel}","templated":true}]}}