{"id":218229,"date":"2023-09-23T00:50:32","date_gmt":"2023-09-23T03:50:32","guid":{"rendered":"https:\/\/diarioregionaldigital.com.br\/?p=218229"},"modified":"2023-09-23T00:50:32","modified_gmt":"2023-09-23T03:50:32","slug":"nove-bairros-recebem-mutirao-de-capina-neste-fim-de-semana","status":"publish","type":"post","link":"https:\/\/diarioregionaldigital.com.br\/?p=218229","title":{"rendered":"Nove bairros recebem mutir\u00e3o de capina neste fim de semana"},"content":{"rendered":"<p>Segundo informa\u00e7\u00f5es do site da Prefeitura de Juiz de Fora (PJF), o\u00a0Departamento Municipal de Limpeza Urbana (Demlurb) da Prefeitura de Juiz de Fora (PJF) vai realizar um mutir\u00e3o de capina em nove bairros da cidade. Cerca de 20 ruas recebem o servi\u00e7o pelas equipes de capina diurna e noturna. As opera\u00e7\u00f5es acontecem neste s\u00e1bado, 23, e domingo, 24.<\/p>\n<p>&nbsp;<\/p>\n<div>A programa\u00e7\u00e3o di\u00e1ria pode ser consultada no Portal PJF atrav\u00e9s do Gabinete de A\u00e7\u00e3o e Di\u00e1logo Comunit\u00e1rio (GADC). J\u00e1 as solicita\u00e7\u00f5es de servi\u00e7os em vias p\u00fablicas como capina, varri\u00e7\u00e3o e recolhimento devem ser feitas por WhatsApp ou liga\u00e7\u00e3o para o GADC em (32) 3690-7241.<\/div>\n<p>&nbsp;<\/p>\n<div><strong>Confira os bairros que ser\u00e3o atendidos neste fim de semana:<\/strong><\/div>\n<div>Alto Graja\u00fa<\/div>\n<p>Bairu<\/p>\n<p>Centen\u00e1rio<\/p>\n<p>Manoel Hon\u00f3rio<\/p>\n<p>Nossa Senhora Aparecida<\/p>\n<p>Novo Triunfo<\/p>\n<p>Ponte Preta<\/p>\n<p>Santa Terezinha<\/p>\n<p>S\u00e3o Tarc\u00edsio<\/p>\n","protected":false},"excerpt":{"rendered":"<p>Segundo informa\u00e7\u00f5es do site da Prefeitura de Juiz de Fora (PJF), o\u00a0Departamento Municipal de Limpeza Urbana (Demlurb) da Prefeitura de Juiz de Fora (PJF) vai realizar um mutir\u00e3o de capina em nove bairros da cidade. Cerca de 20 ruas recebem o servi\u00e7o pelas equipes de capina diurna e noturna. As opera\u00e7\u00f5es acontecem neste s\u00e1bado, 23, [&hellip;]<\/p>\n","protected":false},"author":246,"featured_media":218230,"comment_status":"closed","ping_status":"closed","sticky":false,"template":"","format":"standard","meta":{"footnotes":""},"categories":[253,436,439],"tags":[],"class_list":["post-218229","post","type-post","status-publish","format-standard","has-post-thumbnail","hentry","category-cidade","category-destaque-da-semana","category-ultima-hora"],"_links":{"self":[{"href":"https:\/\/diarioregionaldigital.com.br\/index.php?rest_route=\/wp\/v2\/posts\/218229","targetHints":{"allow":["GET"]}}],"collection":[{"href":"https:\/\/diarioregionaldigital.com.br\/index.php?rest_route=\/wp\/v2\/posts"}],"about":[{"href":"https:\/\/diarioregionaldigital.com.br\/index.php?rest_route=\/wp\/v2\/types\/post"}],"author":[{"embeddable":true,"href":"https:\/\/diarioregionaldigital.com.br\/index.php?rest_route=\/wp\/v2\/users\/246"}],"replies":[{"embeddable":true,"href":"https:\/\/diarioregionaldigital.com.br\/index.php?rest_route=%2Fwp%2Fv2%2Fcomments&post=218229"}],"version-history":[{"count":1,"href":"https:\/\/diarioregionaldigital.com.br\/index.php?rest_route=\/wp\/v2\/posts\/218229\/revisions"}],"predecessor-version":[{"id":218231,"href":"https:\/\/diarioregionaldigital.com.br\/index.php?rest_route=\/wp\/v2\/posts\/218229\/revisions\/218231"}],"wp:featuredmedia":[{"embeddable":true,"href":"https:\/\/diarioregionaldigital.com.br\/index.php?rest_route=\/wp\/v2\/media\/218230"}],"wp:attachment":[{"href":"https:\/\/diarioregionaldigital.com.br\/index.php?rest_route=%2Fwp%2Fv2%2Fmedia&parent=218229"}],"wp:term":[{"taxonomy":"category","embeddable":true,"href":"https:\/\/diarioregionaldigital.com.br\/index.php?rest_route=%2Fwp%2Fv2%2Fcategories&post=218229"},{"taxonomy":"post_tag","embeddable":true,"href":"https:\/\/diarioregionaldigital.com.br\/index.php?rest_route=%2Fwp%2Fv2%2Ftags&post=218229"}],"curies":[{"name":"wp","href":"https:\/\/api.w.org\/{rel}","templated":true}]}}