{"id":218226,"date":"2023-09-23T00:48:11","date_gmt":"2023-09-23T03:48:11","guid":{"rendered":"https:\/\/diarioregionaldigital.com.br\/?p=218226"},"modified":"2023-09-23T00:48:11","modified_gmt":"2023-09-23T03:48:11","slug":"apos-analise-da-defesa-civil-pjf-realiza-intervencao-de-seguranca-no-alto-grajau","status":"publish","type":"post","link":"https:\/\/diarioregionaldigital.com.br\/?p=218226","title":{"rendered":"Ap\u00f3s an\u00e1lise da Defesa Civil, PJF realiza interven\u00e7\u00e3o de seguran\u00e7a no Alto Graja\u00fa"},"content":{"rendered":"<p>Segundo informa\u00e7\u00f5es do site da Prefeitura de Juiz de Fora (PJF), a\u00a0Defesa Civil da Prefeitura de Juiz de Fora (PJF) realiza trabalho cont\u00ednuo de monitoramento das \u00e1reas de risco do munic\u00edpio. Em an\u00e1lise recente, foi identificado aumento do risco de deslizamento da encosta localizada entre as ruas Rosa Sffeir e Ant\u00f4nio Alves Teixeira, no Alto Graja\u00fa. Diante disso, ser\u00e3o feitas interven\u00e7\u00f5es de seguran\u00e7a no local. O objetivo \u00e9 prevenir desastres e resguardar vidas.<\/p>\n<p>&nbsp;<\/p>\n<div>Durante as vistorias de monitoramento e preven\u00e7\u00e3o que acontecem semanalmente, a equipe da Defesa Civil observou a movimenta\u00e7\u00e3o do solo. Como explica a prefeita Margarida Salom\u00e3o, a situa\u00e7\u00e3o no per\u00edodo de seca \u00e9 preocupante e gerou necessidade de medidas urgentes para garantir a seguran\u00e7a da popula\u00e7\u00e3o. \u201c\u00c9 uma \u00e1rea com hist\u00f3rico de deslizamentos e, por isso, \u00e9 monitorada de forma frequente. Ao identificar o aumento do risco, n\u00e3o temos outra alternativa: precisamos tomar provid\u00eancia. E \u00e9 o que estamos fazendo em toda a cidade\u201d, afirma. A Defesa Civil alerta que a instabilidade pode aumentar com a escava\u00e7\u00e3o de encostas sem acompanhamento t\u00e9cnico, com o descarte irregular de lixo e com a vibra\u00e7\u00e3o causada pelo tr\u00e2nsito de ve\u00edculos pesados, como \u00f4nibus e caminh\u00f5es.<\/div>\n<p><strong>Interven\u00e7\u00f5es de seguran\u00e7a\u00a0<\/strong><\/p>\n<div>A PJF j\u00e1 iniciou a contrata\u00e7\u00e3o emergencial de projeto para obra de estabiliza\u00e7\u00e3o da \u00e1rea. \u201cNosso compromisso \u00e9, de fato, fazer tudo o que pudermos para evitar a perda de vidas. O que podemos e vamos fazer nesse momento \u00e9 prevenir. Com o trabalho muito meticuloso e competente da Defesa Civil, temos conseguido evitar desastres\u201d, ressalta a prefeita.<\/div>\n<p>&nbsp;<\/p>\n<div>Nesta quinta-feira, 21, as\u00a0fam\u00edlias que moram na\u00a0Rua Rosa Sffeir, entre os n\u00fameros 557 ao 771, via localizada abaixo da\u00a0Rua Ant\u00f4nio Alves Teixeira, foram visitadas por servidores da Defesa Civil da PJF e do Corpo de Bombeiros de Minas Gerais. De forma preventiva, os moradores foram orientados a deixar as resid\u00eancias e ser\u00e3o acolhidos pela equipe de servi\u00e7o social, sendo que todos que atenderem aos crit\u00e9rios da legisla\u00e7\u00e3o ser\u00e3o atendidos pelo aux\u00edlio-moradia.<\/div>\n<p>&nbsp;<\/p>\n<div>Outra medida de seguran\u00e7a foi a interdi\u00e7\u00e3o para passagem de ve\u00edculos pesados. A\u00a0 Secretaria de Mobilidade Urbana (SMU) disponibilizar\u00e1 um micro-\u00f4nibus para atender as linhas que circulam no local, al\u00e9m de destinar um agente de tr\u00e2nsito que vem realizando fiscaliza\u00e7\u00e3o frequente na Rua Ant\u00f4nio Alves Teixeiras para impedir a passagem de caminh\u00f5es.<\/div>\n","protected":false},"excerpt":{"rendered":"<p>Segundo informa\u00e7\u00f5es do site da Prefeitura de Juiz de Fora (PJF), a\u00a0Defesa Civil da Prefeitura de Juiz de Fora (PJF) realiza trabalho cont\u00ednuo de monitoramento das \u00e1reas de risco do munic\u00edpio. Em an\u00e1lise recente, foi identificado aumento do risco de deslizamento da encosta localizada entre as ruas Rosa Sffeir e Ant\u00f4nio Alves Teixeira, no Alto [&hellip;]<\/p>\n","protected":false},"author":246,"featured_media":218227,"comment_status":"closed","ping_status":"closed","sticky":false,"template":"","format":"standard","meta":{"footnotes":""},"categories":[253,436,439],"tags":[],"class_list":["post-218226","post","type-post","status-publish","format-standard","has-post-thumbnail","hentry","category-cidade","category-destaque-da-semana","category-ultima-hora"],"_links":{"self":[{"href":"https:\/\/diarioregionaldigital.com.br\/index.php?rest_route=\/wp\/v2\/posts\/218226","targetHints":{"allow":["GET"]}}],"collection":[{"href":"https:\/\/diarioregionaldigital.com.br\/index.php?rest_route=\/wp\/v2\/posts"}],"about":[{"href":"https:\/\/diarioregionaldigital.com.br\/index.php?rest_route=\/wp\/v2\/types\/post"}],"author":[{"embeddable":true,"href":"https:\/\/diarioregionaldigital.com.br\/index.php?rest_route=\/wp\/v2\/users\/246"}],"replies":[{"embeddable":true,"href":"https:\/\/diarioregionaldigital.com.br\/index.php?rest_route=%2Fwp%2Fv2%2Fcomments&post=218226"}],"version-history":[{"count":1,"href":"https:\/\/diarioregionaldigital.com.br\/index.php?rest_route=\/wp\/v2\/posts\/218226\/revisions"}],"predecessor-version":[{"id":218228,"href":"https:\/\/diarioregionaldigital.com.br\/index.php?rest_route=\/wp\/v2\/posts\/218226\/revisions\/218228"}],"wp:featuredmedia":[{"embeddable":true,"href":"https:\/\/diarioregionaldigital.com.br\/index.php?rest_route=\/wp\/v2\/media\/218227"}],"wp:attachment":[{"href":"https:\/\/diarioregionaldigital.com.br\/index.php?rest_route=%2Fwp%2Fv2%2Fmedia&parent=218226"}],"wp:term":[{"taxonomy":"category","embeddable":true,"href":"https:\/\/diarioregionaldigital.com.br\/index.php?rest_route=%2Fwp%2Fv2%2Fcategories&post=218226"},{"taxonomy":"post_tag","embeddable":true,"href":"https:\/\/diarioregionaldigital.com.br\/index.php?rest_route=%2Fwp%2Fv2%2Ftags&post=218226"}],"curies":[{"name":"wp","href":"https:\/\/api.w.org\/{rel}","templated":true}]}}