{"id":218223,"date":"2023-09-23T00:46:52","date_gmt":"2023-09-23T03:46:52","guid":{"rendered":"https:\/\/diarioregionaldigital.com.br\/?p=218223"},"modified":"2023-09-23T00:46:52","modified_gmt":"2023-09-23T03:46:52","slug":"prefeitura-investe-em-tecnologia-digital-para-comunicacao-de-guardas-municipais-e-agentes-de-transito","status":"publish","type":"post","link":"https:\/\/diarioregionaldigital.com.br\/?p=218223","title":{"rendered":"Prefeitura investe em tecnologia digital para comunica\u00e7\u00e3o de guardas municipais e agentes de tr\u00e2nsito"},"content":{"rendered":"<p>Segundo informa\u00e7\u00f5es do site da Prefeitura de Juiz de Fora (PJF), j\u00e1 est\u00e3o em uso pelas equipes da Guarda Municipal e dos agentes de transporte e tr\u00e2nsito os novos r\u00e1dios comunicadores com tecnologia digital. As vantagens sobre os antigos r\u00e1dios anal\u00f3gicos v\u00e3o da melhoria da qualidade de \u00e1udio recebido ao aumento da cobertura de sinal para locais antes invi\u00e1veis e at\u00e9 o georreferenciamento de cada aparelho e, por consequ\u00eancia, a visualiza\u00e7\u00e3o, em tempo real, da localiza\u00e7\u00e3o das equipes.<\/p>\n<p>A moderniza\u00e7\u00e3o de todo o sistema de comunica\u00e7\u00e3o foi realizada em conjunto pelas secretarias de Seguran\u00e7a Urbana e Cidadania (Sesuc) e de Mobilidade Urbana (SMU), provendo os guardas municipais, que atuam da prote\u00e7\u00e3o preventiva municipal, e os agentes de transporte e tr\u00e2nsito, que trabalham na ordena\u00e7\u00e3o e fiscaliza\u00e7\u00e3o do tr\u00e2nsito da cidade, de melhores condi\u00e7\u00f5es de trabalho.<\/p>\n<p>Mudan\u00e7as em qualidade de som, com escuta remota clara, aumento da \u00e1rea de abrang\u00eancia para mais de 90% do territ\u00f3rio de Juiz de Fora v\u00eam sendo experimentadas no dia a dia das equipes. \u201cO retorno dos guardas \u00e9 muito bom, a comunica\u00e7\u00e3o \u00e9 limpa e clara. Al\u00e9m disso, temos um r\u00e1dio que funciona em toda a cidade. J\u00e1 tivemos contato, com sucesso, de equipe em \u00e1reas distantes, como Igrejinha, coisa que seria impratic\u00e1vel no sistema antigo\u201d, exemplifica o supervisor de Gest\u00e3o Operacional da Guarda Municipal, Daniel Andrade. No\u00a0 sistema anal\u00f3gico, a comunica\u00e7\u00e3o dependia de antenas repetidoras, deixando grandes \u00e1reas do munic\u00edpio sem sinal de comunica\u00e7\u00e3o.<\/p>\n<p>O gerente do Departamento de Fiscaliza\u00e7\u00e3o da SMU, Domingos Marcos da Silveira, comemora a conquista. \u201cO nosso trabalho cotidiano ganhou muito com estes novos e modernos equipamentos, principalmente em situa\u00e7\u00f5es de montagem de desvios de tr\u00e2nsito, interdi\u00e7\u00f5es de vias e opera\u00e7\u00f5es de pare e siga. A necessidade de uma boa comunica\u00e7\u00e3o entre os agentes \u00e9 fundamental nestes casos\u201d.<\/p>\n<p>Para a secret\u00e1ria de Seguran\u00e7a, Let\u00edcia Paiva Delgado, o uso da tecnologia confere profissionaliza\u00e7\u00e3o \u00e0s a\u00e7\u00f5es e amplia a integra\u00e7\u00e3o das equipes, uma vez que a comunica\u00e7\u00e3o \u00e9 o primeiro recurso para o acionamento, o repasse de informa\u00e7\u00e3o precisa e adequada e o atendimento de demandas. \u201cSeguran\u00e7a se faz com estruturas capazes de refletirem na qualidade dos servi\u00e7os prestados. Oferecer equipamentos de \u00faltima gera\u00e7\u00e3o aos servidores \u00e9 assegurar que suas rotinas sejam amparadas por recursos apropriados \u00e0 atividade que exercem. O resultado \u00e9 mais efici\u00eancia na atua\u00e7\u00e3o, incremento no fluxo de intera\u00e7\u00e3o das equipes e melhor atendimento ao cidad\u00e3o\u201d, declara.<\/p>\n<p>Vis\u00e3o compartilhada tamb\u00e9m pelo secret\u00e1rio de Mobilidade Urbana, Fernando Tadeu. &#8220;Nos modernizar \u00e9 sin\u00f4nimo de atendermos cada dia melhor a popula\u00e7\u00e3o, sejam pedestres, motoristas ou usu\u00e1rios do transporte p\u00fablico. O agente de tr\u00e2nsito geralmente \u00e9 o primeiro a chegar pro socorro \u00e0s v\u00edtimas de acidentes, por isso, um bom equipamento de comunica\u00e7\u00e3o \u00e9 fundamental. Otimizar o tr\u00e2nsito \u00e9\u00a0 nossa prioridade constante e a aquisi\u00e7\u00e3o dos equipamentos faz parte deste processo&#8221;, acrescenta.<\/p>\n<p>O novo sistema permite a intera\u00e7\u00e3o, via rede de r\u00e1dio, de profissionais das duas \u00e1reas. Diante da necessidade de apoio ou de troca de informa\u00e7\u00f5es, guardas municipais e agentes de transporte e tr\u00e2nsito passam a falar de forma direta, em um canal exclusivo para este fim. At\u00e9 ent\u00e3o, cada secretaria operava em sua frequ\u00eancia de r\u00e1dio, sem possibilidade de contato das equipes, sendo que ambas atuam na mesma \u00e1rea urbana e se deparam com situa\u00e7\u00f5es em que h\u00e1 urg\u00eancia de integra\u00e7\u00e3o. A SMU e a Guarda continuam tendo preservadas suas comunica\u00e7\u00f5es internas.<\/p>\n<p>Outra consequ\u00eancia do novo dispositivo \u00e9 a prote\u00e7\u00e3o ao pr\u00f3prio agente. Com a informa\u00e7\u00e3o \u00e1gil e correta, tanto o servidor da seguran\u00e7a quanto o do sistema de transporte e tr\u00e2nsito tem acesso apurado \u00e0s vari\u00e1veis de uma ocorr\u00eancia, podendo analisar o cen\u00e1rio e dimensionar como intervir, que recursos acionar, para a solu\u00e7\u00e3o de cada caso.<\/p>\n","protected":false},"excerpt":{"rendered":"<p>Segundo informa\u00e7\u00f5es do site da Prefeitura de Juiz de Fora (PJF), j\u00e1 est\u00e3o em uso pelas equipes da Guarda Municipal e dos agentes de transporte e tr\u00e2nsito os novos r\u00e1dios comunicadores com tecnologia digital. As vantagens sobre os antigos r\u00e1dios anal\u00f3gicos v\u00e3o da melhoria da qualidade de \u00e1udio recebido ao aumento da cobertura de sinal [&hellip;]<\/p>\n","protected":false},"author":246,"featured_media":218224,"comment_status":"closed","ping_status":"closed","sticky":false,"template":"","format":"standard","meta":{"footnotes":""},"categories":[253,436,439],"tags":[],"class_list":["post-218223","post","type-post","status-publish","format-standard","has-post-thumbnail","hentry","category-cidade","category-destaque-da-semana","category-ultima-hora"],"_links":{"self":[{"href":"https:\/\/diarioregionaldigital.com.br\/index.php?rest_route=\/wp\/v2\/posts\/218223","targetHints":{"allow":["GET"]}}],"collection":[{"href":"https:\/\/diarioregionaldigital.com.br\/index.php?rest_route=\/wp\/v2\/posts"}],"about":[{"href":"https:\/\/diarioregionaldigital.com.br\/index.php?rest_route=\/wp\/v2\/types\/post"}],"author":[{"embeddable":true,"href":"https:\/\/diarioregionaldigital.com.br\/index.php?rest_route=\/wp\/v2\/users\/246"}],"replies":[{"embeddable":true,"href":"https:\/\/diarioregionaldigital.com.br\/index.php?rest_route=%2Fwp%2Fv2%2Fcomments&post=218223"}],"version-history":[{"count":1,"href":"https:\/\/diarioregionaldigital.com.br\/index.php?rest_route=\/wp\/v2\/posts\/218223\/revisions"}],"predecessor-version":[{"id":218225,"href":"https:\/\/diarioregionaldigital.com.br\/index.php?rest_route=\/wp\/v2\/posts\/218223\/revisions\/218225"}],"wp:featuredmedia":[{"embeddable":true,"href":"https:\/\/diarioregionaldigital.com.br\/index.php?rest_route=\/wp\/v2\/media\/218224"}],"wp:attachment":[{"href":"https:\/\/diarioregionaldigital.com.br\/index.php?rest_route=%2Fwp%2Fv2%2Fmedia&parent=218223"}],"wp:term":[{"taxonomy":"category","embeddable":true,"href":"https:\/\/diarioregionaldigital.com.br\/index.php?rest_route=%2Fwp%2Fv2%2Fcategories&post=218223"},{"taxonomy":"post_tag","embeddable":true,"href":"https:\/\/diarioregionaldigital.com.br\/index.php?rest_route=%2Fwp%2Fv2%2Ftags&post=218223"}],"curies":[{"name":"wp","href":"https:\/\/api.w.org\/{rel}","templated":true}]}}