{"id":217900,"date":"2023-09-09T06:00:53","date_gmt":"2023-09-09T09:00:53","guid":{"rendered":"https:\/\/diarioregionaldigital.com.br\/?p=217900"},"modified":"2023-09-08T23:28:52","modified_gmt":"2023-09-09T02:28:52","slug":"linguagem-neutra","status":"publish","type":"post","link":"https:\/\/diarioregionaldigital.com.br\/?p=217900","title":{"rendered":"Linguagem Neutra"},"content":{"rendered":"<p>Temos quase 10 milh\u00f5es de adultos analfabetos em nosso pa\u00eds. Seguramente, \u00e9 um n\u00famero surpreendente, at\u00e9 porque n\u00e3o se sente nenhum movimento consistente para minorar essa vergonha. Quem est\u00e1 preocupado com isso?<\/p>\n<p>A obriga\u00e7\u00e3o primeira da Academia Brasileira de Letras \u00e9 zelar pela nossa l\u00edngua e literatura. Consta do Estatuto e do Regimento em vigor. A sua Comiss\u00e3o de Lexicografia e Lexicologia, presidida pelo imortal Evanildo Bechara, tem se desdobrado na mat\u00e9ria. Cuida da revis\u00e3o do Dicion\u00e1rio, do Vocabul\u00e1rio Ortogr\u00e1fico, vai promover uma nova edi\u00e7\u00e3o do Vocabul\u00e1rio Onom\u00e1stico e, segundo crit\u00e9rios muito r\u00edgidos, aprova a introdu\u00e7\u00e3o de novas palavras, o que demonstra o seu indiscut\u00edvel dinamismo.<\/p>\n<p>Vivemos novos tempos. Fala-se numa linguagem neutra, para contemplar grupos sociais at\u00e9 ent\u00e3o linguisticamente marginalizados. Deseja-se valorizar o feminino (j\u00e1 era tempo), num pa\u00eds em que o masculino na verdade engloba tudo. Durante s\u00e9culos, quando citamos \u201csenhores\u201d estamos abordando a totalidade dos presentes, quando mais certo seria falar \u201csenhoras e senhores\u201d.<\/p>\n<p>Mas h\u00e1 uma vers\u00e3o favor\u00e1vel ao uso de express\u00f5es n\u00e3o reconhecidas oficialmente, sob o pretexto de que s\u00e3o mais abrangentes. \u00c9 o caso do emprego de \u201ctodes\u201d e \u201camigues\u201d, para contemplar o mundo trans. Mas isso \u00e9 mesmo necess\u00e1rio, nessa altura do campeonato? H\u00e1 muitas d\u00favidas a respeito.<\/p>\n<p>Quem cuida da l\u00edngua portuguesa, como afirmamos, \u00e9 a Academia Brasileira de Letras. No entanto, o Conselho Nacional de Educa\u00e7\u00e3o, a que pertencemos por oito anos, deseja estudar o assunto e endere\u00e7ou consulta \u00e0 ABL. Antes de tomar posi\u00e7\u00e3o, pede uma orienta\u00e7\u00e3o a quem de direito, o que \u00e9 muito saud\u00e1vel. O tema j\u00e1 se encontra em estudos, para uma defini\u00e7\u00e3o em breve.<\/p>\n<p>\u00c9 preciso considerar que a Lei de Diretrizes e Bases da Educa\u00e7\u00e3o Nacional, nascida em 1996, orientada pelo ent\u00e3o Senador Darcy Ribeiro, pede uma revis\u00e3o em regra. Muitos dos seus artigos se tornaram obsoletos, modificados pelas chamadas PECs(emendas constitucionais), que hoje somam uma quantidade inacredit\u00e1vel. A LDB est\u00e1 totalmente desfigurada, por isso mesmo. No cap\u00edtulo da\u00a0 educa\u00e7\u00e3o \u00e0 dist\u00e2ncia, por exemplo, alguns itens de atualiza\u00e7\u00e3o seriam necess\u00e1rios, para compatibilizar o instrumento legal com a realidade dos nossos dias.<\/p>\n","protected":false},"excerpt":{"rendered":"<p>Temos quase 10 milh\u00f5es de adultos analfabetos em nosso pa\u00eds. Seguramente, \u00e9 um n\u00famero surpreendente, at\u00e9 porque n\u00e3o se sente nenhum movimento consistente para minorar essa vergonha. Quem est\u00e1 preocupado com isso? A obriga\u00e7\u00e3o primeira da Academia Brasileira de Letras \u00e9 zelar pela nossa l\u00edngua e literatura. Consta do Estatuto e do Regimento em vigor. [&hellip;]<\/p>\n","protected":false},"author":96,"featured_media":0,"comment_status":"closed","ping_status":"closed","sticky":false,"template":"","format":"standard","meta":{"footnotes":""},"categories":[275],"tags":[],"class_list":["post-217900","post","type-post","status-publish","format-standard","hentry","category-arnaldo-niskier"],"_links":{"self":[{"href":"https:\/\/diarioregionaldigital.com.br\/index.php?rest_route=\/wp\/v2\/posts\/217900","targetHints":{"allow":["GET"]}}],"collection":[{"href":"https:\/\/diarioregionaldigital.com.br\/index.php?rest_route=\/wp\/v2\/posts"}],"about":[{"href":"https:\/\/diarioregionaldigital.com.br\/index.php?rest_route=\/wp\/v2\/types\/post"}],"author":[{"embeddable":true,"href":"https:\/\/diarioregionaldigital.com.br\/index.php?rest_route=\/wp\/v2\/users\/96"}],"replies":[{"embeddable":true,"href":"https:\/\/diarioregionaldigital.com.br\/index.php?rest_route=%2Fwp%2Fv2%2Fcomments&post=217900"}],"version-history":[{"count":1,"href":"https:\/\/diarioregionaldigital.com.br\/index.php?rest_route=\/wp\/v2\/posts\/217900\/revisions"}],"predecessor-version":[{"id":217901,"href":"https:\/\/diarioregionaldigital.com.br\/index.php?rest_route=\/wp\/v2\/posts\/217900\/revisions\/217901"}],"wp:attachment":[{"href":"https:\/\/diarioregionaldigital.com.br\/index.php?rest_route=%2Fwp%2Fv2%2Fmedia&parent=217900"}],"wp:term":[{"taxonomy":"category","embeddable":true,"href":"https:\/\/diarioregionaldigital.com.br\/index.php?rest_route=%2Fwp%2Fv2%2Fcategories&post=217900"},{"taxonomy":"post_tag","embeddable":true,"href":"https:\/\/diarioregionaldigital.com.br\/index.php?rest_route=%2Fwp%2Fv2%2Ftags&post=217900"}],"curies":[{"name":"wp","href":"https:\/\/api.w.org\/{rel}","templated":true}]}}