{"id":217895,"date":"2023-09-09T06:00:28","date_gmt":"2023-09-09T09:00:28","guid":{"rendered":"https:\/\/diarioregionaldigital.com.br\/?p=217895"},"modified":"2023-09-08T23:24:53","modified_gmt":"2023-09-09T02:24:53","slug":"convocacao-de-a-a-vasco-da-gama-09-09-2023","status":"publish","type":"post","link":"https:\/\/diarioregionaldigital.com.br\/?p=217895","title":{"rendered":"Convoca\u00e7\u00e3o de A.A. Vasco da Gama &#8211; 09\/09\/2023"},"content":{"rendered":"<p style=\"text-align: center;\"><strong>CONVOCA\u00c7\u00c3O PARA REGULARIZA\u00c7\u00c3O DAS MENSALIDADES EM INADIMPL\u00caNCIA.<\/strong><\/p>\n<p style=\"text-align: center;\"><strong>Juiz de Fora, 09 de setembro de 2023.<\/strong><\/p>\n<p style=\"text-align: center;\"><strong>Prezados(as) S\u00f3cios(as) Propriet\u00e1rios(as),<\/strong><\/p>\n<p style=\"text-align: center;\">A Presidente da Associa\u00e7\u00e3o Atl\u00e9tica Vasco da Gama, Sr.\u00aa Nely Regina de Oliveira Ribeiro, no uso de suas atribui\u00e7\u00f5es e em respeito ao estatuto social, no que prev\u00ea o artigo 16, al\u00ednea B e o artigo 45, al\u00ednea G, informa que h\u00e1 inadimpl\u00eancia da taxa de mensalidade referentes aos quinh\u00f5es de n\u00b0: 01; 02; 03; 04; 05; 06; 07; 08;\u00a0 09; 10; 11; 12; 13; 15; 16; 17; 18; 19; 20; 21; 22; 23; 24; 25; 26; 27; 28; 29; 30; 31; 32; 33; 34; 35; 36; 37; 38; 39; 40; 41; 42; 43; 44; 45; 46; 47; 48; 49; 50; 51; 52; 53; 54; 55; 56; 57; 58; 59; 60; 61; 62; 64; 65; 66; 67; 68; 69; 70; 71; 72; 73; 74; 75; 76; 77; 78; 79; 80; 81; 82; 83; 84; 85; 86; 87; 88; 89; 90; 91; 93; 94; 95; 96; 97; 98; 99; 100; 101; 102; 103; 104; 105; 106; 107; 108; 109; 110; 111; 112; 113; 114; 115; 116; 117; 118; 119; 120; 121; 122; 123; 124; 125; 126; 127; 128; 129; 130; 131; 132; 133; 134; 135; 136; 137; 138; 139; 140; 141; 142; 143; 144; 145; 146; 147; 148; 149; 150; 151; 152; 153; 154; 155; 156; 157; 158; 159; 160; 161; 162; 163; 164; 165; 166; 167; 168; 169; 170; 171; 172; 173; 174; 175; 176; 177; 178; 179; 180; 181; 182; 183; 184; 185; 186; 187; 188; 189; 190; 191; 192; 193; 194; 195; 196; 197; 198; 199; 200; 201; 202; 203; 204; 205; 206; 207; 208; 209; 210; 211; 212; 213; 214; 215; 216; 217; 218; 219; 220; 221; 222; 223; 224; 225; 226; 227; 228; 229; 230; 231; 232; 233; 234; 235; 236; 237; 238; 239; 240; 241; 242; 243; 244; 246; 247; 249; 250; 251; 252; 253; 254; 255; 256; 257; 258; 259; 260; 261; 262; 263; 264; 265; 266; 267; 268; 269; 270; 271; 272; 273; 274; 275; 276; 277; 278; 279; 280; 281; 282; 283; 284; 285; 286; 288; 290; 291; 292; 293; 294; 295; 296; 297; 298; 299; 300; 301; 302; 303; 304; 305; 306; 307; 308; 309; 310; 311; 312; 313; 314; 315; 316; 317; 318; 319; 320; 321; 322; 323; 324; 325; 326; 327; 328; 329; 330; 331; 332; 333; 334; 335; 336; 337; 338; 339; 341; 342; 343; 344; 345; 346; 347; 348; 349; 350; 351; 352; 353; 354; 355; 356; 357; 358; 359; 360; 361; 362; 363; 364; 366; 367; 368; 369; 370; 371; 372; 373; 374; 375; 376; 377; 378; 379; 380; 381; 382; 383; 384; 385; 386; 387; 388; 389; 390; 391; 393; 394; 395; 396; 397; 398; 399; 400; 401; 402; 403; 404; 405; 406; 407; 408; 409; 410; 411; 412; 413; 414; 415; 416; 418; 419; 420; 421; 422; 423; 424; 425, dos quais mais uma vez s\u00e3o convocados, por meio de seus titulares, para efetuarem o pagamento, ou para apresentarem eventuais comprova\u00e7\u00f5es de quita\u00e7\u00e3o ou defesa escrita, no prazo de 10 (dez) dias contados desta publica\u00e7\u00e3o, observado o seguinte endere\u00e7o para recebimento: Av. Bar\u00e3o do Rio Branco, n\u00b0: 1871, sala 1314, Centro, Juiz de Fora\/MG (setor jur\u00eddico da Associa\u00e7\u00e3o).<\/p>\n<p style=\"text-align: center;\"><strong>Informa-se que de acordo com o artigo 16, al\u00ednea B, do Estatuto Social, o s\u00f3cio que deixar de cumprir com suas obriga\u00e7\u00f5es pecuni\u00e1rias, ser\u00e1 eliminado do quadro social, sendo realizada a baixa de seu respectivo quinh\u00e3o em favor da Associa\u00e7\u00e3o Atl\u00e9tica Vasco da Gama.<\/strong><\/p>\n<p style=\"text-align: center;\"><strong>Cordialmente,<\/strong><\/p>\n<p style=\"text-align: center;\"><strong>Presid\u00eancia da A.A.V.G.<\/strong><\/p>\n","protected":false},"excerpt":{"rendered":"<p>CONVOCA\u00c7\u00c3O PARA REGULARIZA\u00c7\u00c3O DAS MENSALIDADES EM INADIMPL\u00caNCIA. Juiz de Fora, 09 de setembro de 2023. Prezados(as) S\u00f3cios(as) Propriet\u00e1rios(as), A Presidente da Associa\u00e7\u00e3o Atl\u00e9tica Vasco da Gama, Sr.\u00aa Nely Regina de Oliveira Ribeiro, no uso de suas atribui\u00e7\u00f5es e em respeito ao estatuto social, no que prev\u00ea o artigo 16, al\u00ednea B e o artigo 45, [&hellip;]<\/p>\n","protected":false},"author":96,"featured_media":0,"comment_status":"closed","ping_status":"closed","sticky":false,"template":"","format":"standard","meta":{"footnotes":""},"categories":[307],"tags":[],"class_list":["post-217895","post","type-post","status-publish","format-standard","hentry","category-editais"],"_links":{"self":[{"href":"https:\/\/diarioregionaldigital.com.br\/index.php?rest_route=\/wp\/v2\/posts\/217895","targetHints":{"allow":["GET"]}}],"collection":[{"href":"https:\/\/diarioregionaldigital.com.br\/index.php?rest_route=\/wp\/v2\/posts"}],"about":[{"href":"https:\/\/diarioregionaldigital.com.br\/index.php?rest_route=\/wp\/v2\/types\/post"}],"author":[{"embeddable":true,"href":"https:\/\/diarioregionaldigital.com.br\/index.php?rest_route=\/wp\/v2\/users\/96"}],"replies":[{"embeddable":true,"href":"https:\/\/diarioregionaldigital.com.br\/index.php?rest_route=%2Fwp%2Fv2%2Fcomments&post=217895"}],"version-history":[{"count":1,"href":"https:\/\/diarioregionaldigital.com.br\/index.php?rest_route=\/wp\/v2\/posts\/217895\/revisions"}],"predecessor-version":[{"id":217896,"href":"https:\/\/diarioregionaldigital.com.br\/index.php?rest_route=\/wp\/v2\/posts\/217895\/revisions\/217896"}],"wp:attachment":[{"href":"https:\/\/diarioregionaldigital.com.br\/index.php?rest_route=%2Fwp%2Fv2%2Fmedia&parent=217895"}],"wp:term":[{"taxonomy":"category","embeddable":true,"href":"https:\/\/diarioregionaldigital.com.br\/index.php?rest_route=%2Fwp%2Fv2%2Fcategories&post=217895"},{"taxonomy":"post_tag","embeddable":true,"href":"https:\/\/diarioregionaldigital.com.br\/index.php?rest_route=%2Fwp%2Fv2%2Ftags&post=217895"}],"curies":[{"name":"wp","href":"https:\/\/api.w.org\/{rel}","templated":true}]}}