{"id":217883,"date":"2023-09-08T19:04:17","date_gmt":"2023-09-08T22:04:17","guid":{"rendered":"https:\/\/diarioregionaldigital.com.br\/?p=217883"},"modified":"2023-09-08T19:04:17","modified_gmt":"2023-09-08T22:04:17","slug":"ultimos-dias-de-visitacao-a-mostra-giramundo-50-anos","status":"publish","type":"post","link":"https:\/\/diarioregionaldigital.com.br\/?p=217883","title":{"rendered":"\u00daltimos dias de visita\u00e7\u00e3o \u00e0 mostra \u201cGiramundo &#8211; 50 anos\u201d"},"content":{"rendered":"<p><span style=\"font-weight: 400;\">Segundo informa\u00e7\u00f5es do site da Prefeitura de Juiz de Fora (PJF), a mostra \u201cGiramundo \u2013 50 anos\u201d, em cartaz no Espa\u00e7o Cidade (Pa\u00e7o Municipal \u2013 Avenida Rio Branco 2.234 &#8211; Centro), entra na reta final de visita\u00e7\u00e3o. As pessoas interessadas em conferir os 150 bonecos de t\u00edteres e marionetes, al\u00e9m de croquis, desenhos, estudos e projetos, que reconstituem a trajet\u00f3ria do grupo teatral mineiro t\u00eam somente at\u00e9 a pr\u00f3xima quinta-feira, dia 14. Gratuita e livre para todos os p\u00fablicos, a visita\u00e7\u00e3o acontece neste fim de semana, dias 9 e 10, das 10h \u00e0s 14h, e de ter\u00e7a a quinta-feira, das 10h \u00e0s 18h.<\/span><\/p>\n<p><span style=\"font-weight: 400;\">Com curadoria de Marcos Malafaia e patroc\u00ednio da Companhia Energ\u00e9tica de Minas Gerais (Cemig), a mostra \u201cGiramundo &#8211; 50 Anos\u201d estreou em Belo Horizonte, em 2021, para comemorar o cinquenten\u00e1rio da companhia, criada em Belo Horizonte pelos artistas pl\u00e1sticos \u00c1lvaro Apocalypse, Tereza Veloso e Madu. Desde ent\u00e3o, a exposi\u00e7\u00e3o circula pelo estado, j\u00e1 tendo passado por Pouso Alegre e Montes Claros.<\/span><\/p>\n<p><span style=\"font-weight: 400;\">O produtor do Giramundo, Rai Bento, afirma que, al\u00e9m de divulgar o trabalho do grupo, consolidado como refer\u00eancia mundial em teatro de bonecos, a mostra d\u00e1 ao espectador uma boa no\u00e7\u00e3o de como funciona a cria\u00e7\u00e3o e a manipula\u00e7\u00e3o dos bonecos. \u201cAqui apresentados uma grande diversidade de t\u00e9cnicas e materiais da milenar arte do teatro de bonecos\u201d. Ele acrescenta que a cole\u00e7\u00e3o apresentada inclui pe\u00e7as utilizadas no teatro, no audiovisual, em shows, miniss\u00e9ries, cinema e, at\u00e9 mesmo, \u00f3peras.<\/span><\/p>\n<p><span style=\"font-weight: 400;\">Para o corretor de im\u00f3veis e designer Marcos Vinicius de Oliveira, a mostra proporcionou um retorno \u00e0 inf\u00e2ncia. \u201cMeu Deus, muita coisa bonita, bem feita, encantadora. Tem pe\u00e7as aqui de 1971, e eu nasci em 1972. Acho que todo mundo deve vir prestigiar essa exposi\u00e7\u00e3o. \u00c9 fant\u00e1stica para todas as idades!\u201d<\/span><\/p>\n<p><span style=\"font-weight: 400;\">Em Juiz de Fora, a mostra tem apoio da Prefeitura Municipal, por meio da Funda\u00e7\u00e3o Cultural Alfredo Ferreira Lage (Funalfa) e da Secretaria de Turismo (Setur). Escolas e outros grupos especiais podem agendar visitas com acompanhamento de monitor pelos telefones 2104-8171 e 2104\u20138590.\u00a0<\/span><\/p>\n","protected":false},"excerpt":{"rendered":"<p>Segundo informa\u00e7\u00f5es do site da Prefeitura de Juiz de Fora (PJF), a mostra \u201cGiramundo \u2013 50 anos\u201d, em cartaz no Espa\u00e7o Cidade (Pa\u00e7o Municipal \u2013 Avenida Rio Branco 2.234 &#8211; Centro), entra na reta final de visita\u00e7\u00e3o. As pessoas interessadas em conferir os 150 bonecos de t\u00edteres e marionetes, al\u00e9m de croquis, desenhos, estudos e [&hellip;]<\/p>\n","protected":false},"author":246,"featured_media":217884,"comment_status":"closed","ping_status":"closed","sticky":false,"template":"","format":"standard","meta":{"footnotes":""},"categories":[253,436,440,439],"tags":[],"class_list":["post-217883","post","type-post","status-publish","format-standard","has-post-thumbnail","hentry","category-cidade","category-destaque-da-semana","category-destaques-do-dia","category-ultima-hora"],"_links":{"self":[{"href":"https:\/\/diarioregionaldigital.com.br\/index.php?rest_route=\/wp\/v2\/posts\/217883","targetHints":{"allow":["GET"]}}],"collection":[{"href":"https:\/\/diarioregionaldigital.com.br\/index.php?rest_route=\/wp\/v2\/posts"}],"about":[{"href":"https:\/\/diarioregionaldigital.com.br\/index.php?rest_route=\/wp\/v2\/types\/post"}],"author":[{"embeddable":true,"href":"https:\/\/diarioregionaldigital.com.br\/index.php?rest_route=\/wp\/v2\/users\/246"}],"replies":[{"embeddable":true,"href":"https:\/\/diarioregionaldigital.com.br\/index.php?rest_route=%2Fwp%2Fv2%2Fcomments&post=217883"}],"version-history":[{"count":1,"href":"https:\/\/diarioregionaldigital.com.br\/index.php?rest_route=\/wp\/v2\/posts\/217883\/revisions"}],"predecessor-version":[{"id":217885,"href":"https:\/\/diarioregionaldigital.com.br\/index.php?rest_route=\/wp\/v2\/posts\/217883\/revisions\/217885"}],"wp:featuredmedia":[{"embeddable":true,"href":"https:\/\/diarioregionaldigital.com.br\/index.php?rest_route=\/wp\/v2\/media\/217884"}],"wp:attachment":[{"href":"https:\/\/diarioregionaldigital.com.br\/index.php?rest_route=%2Fwp%2Fv2%2Fmedia&parent=217883"}],"wp:term":[{"taxonomy":"category","embeddable":true,"href":"https:\/\/diarioregionaldigital.com.br\/index.php?rest_route=%2Fwp%2Fv2%2Fcategories&post=217883"},{"taxonomy":"post_tag","embeddable":true,"href":"https:\/\/diarioregionaldigital.com.br\/index.php?rest_route=%2Fwp%2Fv2%2Ftags&post=217883"}],"curies":[{"name":"wp","href":"https:\/\/api.w.org\/{rel}","templated":true}]}}