{"id":217871,"date":"2023-09-08T18:29:30","date_gmt":"2023-09-08T21:29:30","guid":{"rendered":"https:\/\/diarioregionaldigital.com.br\/?p=217871"},"modified":"2023-09-08T18:29:30","modified_gmt":"2023-09-08T21:29:30","slug":"dino-pede-esclarecimentos-a-prf-sobre-crianca-de-3-anos-baleada-no-rio","status":"publish","type":"post","link":"https:\/\/diarioregionaldigital.com.br\/?p=217871","title":{"rendered":"Dino pede esclarecimentos \u00e0 PRF sobre crian\u00e7a de 3 anos baleada no Rio"},"content":{"rendered":"<p>O ministro da Justi\u00e7a e Seguran\u00e7a P\u00fablica, Fl\u00e1vio Dino, se manifestou, nesta sexta-feira (8), sobre os tiros que atingiram a cabe\u00e7a da\u00a0<a href=\"https:\/\/agenciabrasil.ebc.com.br\/geral\/noticia\/2023-09\/menina-de-3-anos-e-baleada-na-cabeca-na-regiao-metropolitana-do-rio\" target=\"_blank\" rel=\"noopener\">menina Helo\u00edsa<\/a>\u00a0dos Santos Silva, de 3 anos, na noite dessa quinta-feira (7). A fam\u00edlia acusa agentes da Pol\u00edcia Rodovi\u00e1ria Federal (PRF) de serem os autores dos disparos contra o carro que levava a crian\u00e7a.\u00a0<img decoding=\"async\" src=\"https:\/\/agenciabrasil.ebc.com.br\/ebc.png?id=1554048&amp;o=node\" \/><img decoding=\"async\" src=\"https:\/\/agenciabrasil.ebc.com.br\/ebc.gif?id=1554048&amp;o=node\" \/><\/p>\n<p>Dino publicou em sua\u00a0<a href=\"https:\/\/twitter.com\/flaviodino\/status\/1700151858411536482?s=48&amp;t=iwrIZ49ajXu1u01o8fB18w\" target=\"_blank\" rel=\"noopener\">rede social<\/a>\u00a0que j\u00e1 solicitou esclarecimentos e provid\u00eancias \u00e0 PRF) no estado do Rio.<\/p>\n<p>Na postagem, o ministro ainda escreveu que vai acelerar a revis\u00e3o de procedimentos de atua\u00e7\u00e3o da Pol\u00edcia Rodovi\u00e1ria. \u201cMandei acelerar a revis\u00e3o da doutrina policial e manuais de procedimento na PRF, como j\u00e1 havia determinado quando da demiss\u00e3o dos policiais do caso Genivaldo, em Sergipe. Outras medidas ser\u00e3o informadas em breve\u201d, afirmou.<\/p>\n<p>A corpora\u00e7\u00e3o j\u00e1 informou que os tr\u00eas agentes envolvidos foram afastados das fun\u00e7\u00f5es operacionais preventivamente, para investigar as circunst\u00e2ncias do caso e para atendimento e avalia\u00e7\u00e3o psicol\u00f3gica.<\/p>\n<p><span style=\"font-weight: 400;\">Fonte: Ag\u00eancia Brasil <\/span><\/p>\n","protected":false},"excerpt":{"rendered":"<p>O ministro da Justi\u00e7a e Seguran\u00e7a P\u00fablica, Fl\u00e1vio Dino, se manifestou, nesta sexta-feira (8), sobre os tiros que atingiram a cabe\u00e7a da\u00a0menina Helo\u00edsa\u00a0dos Santos Silva, de 3 anos, na noite dessa quinta-feira (7). A fam\u00edlia acusa agentes da Pol\u00edcia Rodovi\u00e1ria Federal (PRF) de serem os autores dos disparos contra o carro que levava a crian\u00e7a.\u00a0 [&hellip;]<\/p>\n","protected":false},"author":246,"featured_media":217872,"comment_status":"closed","ping_status":"closed","sticky":false,"template":"","format":"standard","meta":{"footnotes":""},"categories":[436,440,254,439],"tags":[],"class_list":["post-217871","post","type-post","status-publish","format-standard","has-post-thumbnail","hentry","category-destaque-da-semana","category-destaques-do-dia","category-politica","category-ultima-hora"],"_links":{"self":[{"href":"https:\/\/diarioregionaldigital.com.br\/index.php?rest_route=\/wp\/v2\/posts\/217871","targetHints":{"allow":["GET"]}}],"collection":[{"href":"https:\/\/diarioregionaldigital.com.br\/index.php?rest_route=\/wp\/v2\/posts"}],"about":[{"href":"https:\/\/diarioregionaldigital.com.br\/index.php?rest_route=\/wp\/v2\/types\/post"}],"author":[{"embeddable":true,"href":"https:\/\/diarioregionaldigital.com.br\/index.php?rest_route=\/wp\/v2\/users\/246"}],"replies":[{"embeddable":true,"href":"https:\/\/diarioregionaldigital.com.br\/index.php?rest_route=%2Fwp%2Fv2%2Fcomments&post=217871"}],"version-history":[{"count":1,"href":"https:\/\/diarioregionaldigital.com.br\/index.php?rest_route=\/wp\/v2\/posts\/217871\/revisions"}],"predecessor-version":[{"id":217873,"href":"https:\/\/diarioregionaldigital.com.br\/index.php?rest_route=\/wp\/v2\/posts\/217871\/revisions\/217873"}],"wp:featuredmedia":[{"embeddable":true,"href":"https:\/\/diarioregionaldigital.com.br\/index.php?rest_route=\/wp\/v2\/media\/217872"}],"wp:attachment":[{"href":"https:\/\/diarioregionaldigital.com.br\/index.php?rest_route=%2Fwp%2Fv2%2Fmedia&parent=217871"}],"wp:term":[{"taxonomy":"category","embeddable":true,"href":"https:\/\/diarioregionaldigital.com.br\/index.php?rest_route=%2Fwp%2Fv2%2Fcategories&post=217871"},{"taxonomy":"post_tag","embeddable":true,"href":"https:\/\/diarioregionaldigital.com.br\/index.php?rest_route=%2Fwp%2Fv2%2Ftags&post=217871"}],"curies":[{"name":"wp","href":"https:\/\/api.w.org\/{rel}","templated":true}]}}