{"id":217868,"date":"2023-09-08T18:20:38","date_gmt":"2023-09-08T21:20:38","guid":{"rendered":"https:\/\/diarioregionaldigital.com.br\/?p=217868"},"modified":"2023-09-08T18:20:38","modified_gmt":"2023-09-08T21:20:38","slug":"pix-bate-recorde-com-1527-milhoes-de-transacoes-em-um-unico-dia","status":"publish","type":"post","link":"https:\/\/diarioregionaldigital.com.br\/?p=217868","title":{"rendered":"Pix bate recorde com 152,7 milh\u00f5es de transa\u00e7\u00f5es em um \u00fanico dia"},"content":{"rendered":"<p>Cada vez mais utilizado pelos\u00a0brasileiros na hora de pagar contas e transferir dinheiro, o Pix alcan\u00e7ou recorde de transa\u00e7\u00f5es na \u00faltima quarta-feira (6). Foram\u00a0152,7 milh\u00f5es de transfer\u00eancias instant\u00e2neas, segundo o Banco Central (BC). Essa marca superou o recorde anterior\u00a0de\u00a0142,4 milh\u00f5es de transa\u00e7\u00f5es em 4 de agosto.<img decoding=\"async\" src=\"https:\/\/agenciabrasil.ebc.com.br\/ebc.png?id=1554055&amp;o=node\" \/><img decoding=\"async\" src=\"https:\/\/agenciabrasil.ebc.com.br\/ebc.gif?id=1554055&amp;o=node\" \/><\/p>\n<p>\u201cOs n\u00fameros refor\u00e7am a forte ades\u00e3o de pessoas e empresas ao Pix\u201d, avalia o Banco Central.<\/p>\n<p>Na \u00faltima quarta-feira (6), as transa\u00e7\u00f5es somaram R$ 76,1 bilh\u00f5es. Isso significa que cada transfer\u00eancia em tempo real teve valor m\u00e9dio de R$ 498,42.<\/p>\n<p>Mais da metade (55,86%) das transfer\u00eancias feitas na quarta-feira foram entre pessoas f\u00edsicas. O\u00a0BC ressalta \u201cas transa\u00e7\u00f5es de pessoas f\u00edsicas (PF) para pessoas jur\u00eddicas (PJ) como o principal vetor do crescimento recente\u201d. Em setembro de 2022, a transa\u00e7\u00e3o PF-PJ era 22,5% do total. Em agosto, alcan\u00e7ou 33,3%.<\/p>\n<p>\u201cA matura\u00e7\u00e3o do Pix, a conveni\u00eancia no seu uso e o desenvolvimento de solu\u00e7\u00f5es de integra\u00e7\u00e3o pelo mercado est\u00e3o permitindo maior diversifica\u00e7\u00e3o nos casos de uso, aumentando sua import\u00e2ncia no bom funcionamento da economia nacional\u201d, complementa o Banco Central.<\/p>\n<h2>N\u00fameros do Pix<\/h2>\n<p>Lan\u00e7ado pelo BC em novembro de 2020, o pa\u00eds tem atualmente 650,7 milh\u00f5es de chaves Pix. S\u00e3o 153 milh\u00f5es de usu\u00e1rios cadastrados, sendo 92% pessoas f\u00edsicas. De cada 100 transa\u00e7\u00f5es, 60 s\u00e3o feitas por pessoas de 20 a 39 anos.<\/p>\n<p><span style=\"font-weight: 400;\">Fonte: Ag\u00eancia Brasil <\/span><\/p>\n","protected":false},"excerpt":{"rendered":"<p>Cada vez mais utilizado pelos\u00a0brasileiros na hora de pagar contas e transferir dinheiro, o Pix alcan\u00e7ou recorde de transa\u00e7\u00f5es na \u00faltima quarta-feira (6). Foram\u00a0152,7 milh\u00f5es de transfer\u00eancias instant\u00e2neas, segundo o Banco Central (BC). Essa marca superou o recorde anterior\u00a0de\u00a0142,4 milh\u00f5es de transa\u00e7\u00f5es em 4 de agosto. \u201cOs n\u00fameros refor\u00e7am a forte ades\u00e3o de pessoas e [&hellip;]<\/p>\n","protected":false},"author":246,"featured_media":217869,"comment_status":"closed","ping_status":"closed","sticky":false,"template":"","format":"standard","meta":{"footnotes":""},"categories":[436,440,261,439],"tags":[],"class_list":["post-217868","post","type-post","status-publish","format-standard","has-post-thumbnail","hentry","category-destaque-da-semana","category-destaques-do-dia","category-economia","category-ultima-hora"],"_links":{"self":[{"href":"https:\/\/diarioregionaldigital.com.br\/index.php?rest_route=\/wp\/v2\/posts\/217868","targetHints":{"allow":["GET"]}}],"collection":[{"href":"https:\/\/diarioregionaldigital.com.br\/index.php?rest_route=\/wp\/v2\/posts"}],"about":[{"href":"https:\/\/diarioregionaldigital.com.br\/index.php?rest_route=\/wp\/v2\/types\/post"}],"author":[{"embeddable":true,"href":"https:\/\/diarioregionaldigital.com.br\/index.php?rest_route=\/wp\/v2\/users\/246"}],"replies":[{"embeddable":true,"href":"https:\/\/diarioregionaldigital.com.br\/index.php?rest_route=%2Fwp%2Fv2%2Fcomments&post=217868"}],"version-history":[{"count":1,"href":"https:\/\/diarioregionaldigital.com.br\/index.php?rest_route=\/wp\/v2\/posts\/217868\/revisions"}],"predecessor-version":[{"id":217870,"href":"https:\/\/diarioregionaldigital.com.br\/index.php?rest_route=\/wp\/v2\/posts\/217868\/revisions\/217870"}],"wp:featuredmedia":[{"embeddable":true,"href":"https:\/\/diarioregionaldigital.com.br\/index.php?rest_route=\/wp\/v2\/media\/217869"}],"wp:attachment":[{"href":"https:\/\/diarioregionaldigital.com.br\/index.php?rest_route=%2Fwp%2Fv2%2Fmedia&parent=217868"}],"wp:term":[{"taxonomy":"category","embeddable":true,"href":"https:\/\/diarioregionaldigital.com.br\/index.php?rest_route=%2Fwp%2Fv2%2Fcategories&post=217868"},{"taxonomy":"post_tag","embeddable":true,"href":"https:\/\/diarioregionaldigital.com.br\/index.php?rest_route=%2Fwp%2Fv2%2Ftags&post=217868"}],"curies":[{"name":"wp","href":"https:\/\/api.w.org\/{rel}","templated":true}]}}