{"id":217857,"date":"2023-09-06T19:51:40","date_gmt":"2023-09-06T22:51:40","guid":{"rendered":"https:\/\/diarioregionaldigital.com.br\/?p=217857"},"modified":"2023-09-06T19:51:40","modified_gmt":"2023-09-06T22:51:40","slug":"edital-quilombagens-recebe-inscricoes-online-ate-domingo-10","status":"publish","type":"post","link":"https:\/\/diarioregionaldigital.com.br\/?p=217857","title":{"rendered":"Edital Quilombagens recebe inscri\u00e7\u00f5es online at\u00e9 domingo, 10"},"content":{"rendered":"<p>Segundo informa\u00e7\u00f5es do site da Prefeitura de Juiz de Fora (PJF), quem optou pela modalidade online de inscri\u00e7\u00e3o no Edital Quilombagens tem prazo at\u00e9 as 23h59 de domingo, 10, para formalizar sua participa\u00e7\u00e3o, por meio da plataforma Prefeitura \u00c1gil. Este tamb\u00e9m \u00e9 o prazo final para que as fazedoras e os fazedores de cultura de Juiz de Fora interessadas (dos) em concorrer aos recursos do Edital se inscrevam no Cadastro Municipal de Agentes Culturais de Juiz de Fora (CAD Cultural).<\/p>\n<p>Em sua terceira edi\u00e7\u00e3o, o Quilombagens disponibiliza R$ 560 mil para fomentar a\u00e7\u00f5es e iniciativas culturais, individuais ou coletivas, promovidas pelos agentes culturais do munic\u00edpio, que estejam diretamente relacionadas \u00e0 valoriza\u00e7\u00e3o da cultura negra e sua ancestralidade. O edital completo est\u00e1 dispon\u00edvel no\u00a0<a href=\"https:\/\/pjf.mg.gov.br\/editaismurilomendes2023\/#quilombagens\"><strong>link<\/strong><\/a>.<\/p>\n<p>Podem ser inscritos projetos em qualquer \u00e1rea art\u00edstico-cultural, com custo m\u00e1ximo (teto) de R$ 28 mil. A participa\u00e7\u00e3o \u00e9 aberta a pessoas f\u00edsicas com idade m\u00ednima de 14 anos, que comprovem resid\u00eancia em Juiz de Fora em 2022 e 2023. Imigrantes e refugiados estrangeiros em situa\u00e7\u00e3o regular no pa\u00eds tamb\u00e9m podem concorrer ao financiamento do edital.<strong>\u00a0<\/strong>Cada pessoa tem direito a se inscrever<strong>\u00a0<\/strong>como proponente uma \u00fanica vez, podendo participar de outros projetos como colaboradora.<\/p>\n<p>Parte do Programa Cultural Murilo Mendes, mantido pela Prefeitura de Juiz de Fora e gerido pela Funda\u00e7\u00e3o Cultural Alfredo Ferreira Lage (Funalfa), o Quilombagens adota\u00a0Pol\u00edticas Afirmativas para promover a diversidade e a redu\u00e7\u00e3o da desigualdade \u00e9tnico-racial e de g\u00eanero no acesso \u00e0s pol\u00edticas p\u00fablicas de apoio e fomento ao setor art\u00edstico-cultural. Dessa forma, 55% do recurso financeiro previsto neste edital ficam reservados, por meio de cota, com a seguinte distribui\u00e7\u00e3o:<\/p>\n<p>&#8211; 40% &#8211; Pessoas pretas, pardas e ind\u00edgenas<\/p>\n<p><strong>&#8211;\u00a0<\/strong>5% &#8211; Pessoas trans (transsexuais, transg\u00eaneros e travestis),<\/p>\n<p><strong>&#8211;\u00a0<\/strong>5% &#8211; Pessoas com defici\u00eancia \u2013 PcD<\/p>\n<p>&#8211; 5% &#8211; Pessoas Idosas<\/p>\n<p>Os outros 45% do recurso s\u00e3o destinados \u00e0 ampla concorr\u00eancia. Caber\u00e1 \u00e0 pessoa proponente indicar no formul\u00e1rio de inscri\u00e7\u00e3o se pretende candidatar-se \u00e0 cota reservada para as Pol\u00edticas Afirmativas (especificando a categoria e anexando a documenta\u00e7\u00e3o correspondente) ou \u00e0 ampla concorr\u00eancia.<\/p>\n","protected":false},"excerpt":{"rendered":"<p>Segundo informa\u00e7\u00f5es do site da Prefeitura de Juiz de Fora (PJF), quem optou pela modalidade online de inscri\u00e7\u00e3o no Edital Quilombagens tem prazo at\u00e9 as 23h59 de domingo, 10, para formalizar sua participa\u00e7\u00e3o, por meio da plataforma Prefeitura \u00c1gil. Este tamb\u00e9m \u00e9 o prazo final para que as fazedoras e os fazedores de cultura de [&hellip;]<\/p>\n","protected":false},"author":246,"featured_media":217858,"comment_status":"closed","ping_status":"closed","sticky":false,"template":"","format":"standard","meta":{"footnotes":""},"categories":[253,436,439],"tags":[],"class_list":["post-217857","post","type-post","status-publish","format-standard","has-post-thumbnail","hentry","category-cidade","category-destaque-da-semana","category-ultima-hora"],"_links":{"self":[{"href":"https:\/\/diarioregionaldigital.com.br\/index.php?rest_route=\/wp\/v2\/posts\/217857","targetHints":{"allow":["GET"]}}],"collection":[{"href":"https:\/\/diarioregionaldigital.com.br\/index.php?rest_route=\/wp\/v2\/posts"}],"about":[{"href":"https:\/\/diarioregionaldigital.com.br\/index.php?rest_route=\/wp\/v2\/types\/post"}],"author":[{"embeddable":true,"href":"https:\/\/diarioregionaldigital.com.br\/index.php?rest_route=\/wp\/v2\/users\/246"}],"replies":[{"embeddable":true,"href":"https:\/\/diarioregionaldigital.com.br\/index.php?rest_route=%2Fwp%2Fv2%2Fcomments&post=217857"}],"version-history":[{"count":1,"href":"https:\/\/diarioregionaldigital.com.br\/index.php?rest_route=\/wp\/v2\/posts\/217857\/revisions"}],"predecessor-version":[{"id":217859,"href":"https:\/\/diarioregionaldigital.com.br\/index.php?rest_route=\/wp\/v2\/posts\/217857\/revisions\/217859"}],"wp:featuredmedia":[{"embeddable":true,"href":"https:\/\/diarioregionaldigital.com.br\/index.php?rest_route=\/wp\/v2\/media\/217858"}],"wp:attachment":[{"href":"https:\/\/diarioregionaldigital.com.br\/index.php?rest_route=%2Fwp%2Fv2%2Fmedia&parent=217857"}],"wp:term":[{"taxonomy":"category","embeddable":true,"href":"https:\/\/diarioregionaldigital.com.br\/index.php?rest_route=%2Fwp%2Fv2%2Fcategories&post=217857"},{"taxonomy":"post_tag","embeddable":true,"href":"https:\/\/diarioregionaldigital.com.br\/index.php?rest_route=%2Fwp%2Fv2%2Ftags&post=217857"}],"curies":[{"name":"wp","href":"https:\/\/api.w.org\/{rel}","templated":true}]}}