{"id":217851,"date":"2023-09-06T19:46:26","date_gmt":"2023-09-06T22:46:26","guid":{"rendered":"https:\/\/diarioregionaldigital.com.br\/?p=217851"},"modified":"2023-09-06T19:46:26","modified_gmt":"2023-09-06T22:46:26","slug":"juiz-de-fora-tem-primeiro-guia-de-protecao-e-seguranca-no-ambiente-escolar","status":"publish","type":"post","link":"https:\/\/diarioregionaldigital.com.br\/?p=217851","title":{"rendered":"Juiz de Fora tem primeiro Guia de Prote\u00e7\u00e3o e Seguran\u00e7a no Ambiente Escolar"},"content":{"rendered":"<p>Segundo informa\u00e7\u00f5es do site da Prefeitura de Juiz de Fora (PJF), na manh\u00e3 desta quarta-feira, 6, foi oficialmente entregue o primeiro Guia de Prote\u00e7\u00e3o e Seguran\u00e7a no Ambiente Escolar da Cidade de Juiz de Fora para toda a rede de ensino. O documento apresenta informa\u00e7\u00f5es destinadas a auxiliar a comunidade escolar a se proteger e lidar na gest\u00e3o de crises. O material encontra-se dispon\u00edvel para consulta no site da Prefeitura de Juiz de Fora (PJF) pelo <a href=\"https:\/\/www.pjf.mg.gov.br\/secretarias\/se\/arquivos\/guia_de_seguranca_nas_escolas_jf.pdf\"><strong>link<\/strong><\/a>.<\/p>\n<div id=\"box_texto_noticia\">\n<p>O lan\u00e7amento do Guia aconteceu dentro da programa\u00e7\u00e3o do F\u00f3rum de Seguran\u00e7a e Cultura de Paz no Ambiente Escolar, que reuniu cerca de 200 profissionais da educa\u00e7\u00e3o, da seguran\u00e7a e da rede de enfrentamento \u00e0 viol\u00eancia nas escolas para pensar caminhos e pr\u00e1ticas mais seguras, cidad\u00e3s e pac\u00edficas dentro das escolas.<\/p>\n<p>Na abertura do evento, a prefeita Margarida Salom\u00e3o destacou a import\u00e2ncia de o espa\u00e7o da escola oferecer garantias de perman\u00eancia segura \u00e0s crian\u00e7as e adolescentes. \u201cN\u00e3o podemos ignorar que a viol\u00eancia est\u00e1 conosco, preferimos que n\u00e3o estivesse, mas ela est\u00e1. Viol\u00eancia contra mulheres, inclusive contra meninas. H\u00e1 uma desproporcionalidade nessa express\u00e3o da viol\u00eancia, e \u00e9 por isso que a gente tem que entender a import\u00e2ncia do ambiente escolar para fazer um ambiente de prote\u00e7\u00e3o para as crian\u00e7as. \u00c9 fundamental que as crian\u00e7as tenham quem as cuide como pol\u00edtica p\u00fablica, como obriga\u00e7\u00e3o da sociedade, porque isso n\u00e3o se vai fazer nem por lei, puramente, nem por a\u00e7\u00f5es her\u00f3icas, mas pela mudan\u00e7a da cultura, e isso \u00e9 uma coisa que envolve a todos n\u00f3s. Eu tenho muita esperan\u00e7a que n\u00f3s consigamos em Juiz de Fora nos tornarmos um exemplo para o pa\u00eds\u201d.<\/p>\n<p>\u201c\u00c9 necess\u00e1rio que haja canais formais para aumentar essa rede de prote\u00e7\u00e3o, porque quando a fam\u00edlia encaminha os seus filhos e suas filhas pra escola, a sensa\u00e7\u00e3o que ela tem \u00e9 de que as crian\u00e7as est\u00e3o, para usar uma palavra antiga, guardadas. Imaginar que esse ambiente seja um ambiente de amea\u00e7a \u00e9 de fato insuport\u00e1vel\u201d, citou em refer\u00eancia aos momentos de temor vividos pela rede de ensino de todo o pa\u00eds no m\u00eas de abril.<\/p>\n<p>O conte\u00fado do Guia, constru\u00eddo coletivamente, foi apresentado pela secret\u00e1ria de Seguran\u00e7a Urbana e Cidadania, Let\u00edcia Paiva Delgado, aos presentes. Entre os pontos do documento a diferencia\u00e7\u00e3o das modalidades de viol\u00eancias na escola, contra a escola e da escola, a responsabilidade compartilhada, os \u00f3rg\u00e3os que comp\u00f5em a rede de preven\u00e7\u00e3o \u00e0 viol\u00eancia escolar, as fun\u00e7\u00f5es de cada um deles, diretrizes para a prote\u00e7\u00e3o nas escolas, como e quem acionar de acordo com a peculiaridade do caso, entre outros.<\/p>\n<p>O Guia n\u00e3o se prop\u00f5e a ser um manual de procedimentos, mas um instrumento de orienta\u00e7\u00e3o, a fim de ajudar a trilhar caminhos para a prote\u00e7\u00e3o de todos. Neste sentido, a secret\u00e1ria foi enf\u00e1tica, estabelecendo a constru\u00e7\u00e3o da cultura de paz nas escolas como um trabalho constante. \u201cEsse \u00e9 o primeiro guia, produzido pelo Grupo de Trabalho (GT) institu\u00eddo pelo decreto 15.862, de 19 de abril de 2023. Mas o GT passa a ser permanente, para que possamos continuar a propor o aperfei\u00e7oamento desta ferramenta\u201d, anunciou, indicando atualiza\u00e7\u00e3o e revis\u00e3o peri\u00f3dicas do material. A realiza\u00e7\u00e3o de oficinas de capacita\u00e7\u00e3o com profissionais da educa\u00e7\u00e3o tamb\u00e9m est\u00e1 prevista nos pr\u00f3ximos passos.<\/p>\n<p>O Grupo de Trabalho respons\u00e1vel pela elabora\u00e7\u00e3o do Guia foi formado pelas Secretarias de Seguran\u00e7a Urbana e Cidadania (Sesuc), Educa\u00e7\u00e3o (SE), Pol\u00edcia Militar de Minas Gerais, Promotoria de Defesa da Educa\u00e7\u00e3o e dos Direitos da Crian\u00e7a e do Adolescente, Sindicato dos Estabelecimentos Particulares de Ensino e Superintend\u00eancia Regional de Ensino de Juiz de Fora<\/p>\n<\/div>\n<p>&nbsp;<\/p>\n<div id=\"box_compartilhar\" align=\"right\"><\/div>\n","protected":false},"excerpt":{"rendered":"<p>Segundo informa\u00e7\u00f5es do site da Prefeitura de Juiz de Fora (PJF), na manh\u00e3 desta quarta-feira, 6, foi oficialmente entregue o primeiro Guia de Prote\u00e7\u00e3o e Seguran\u00e7a no Ambiente Escolar da Cidade de Juiz de Fora para toda a rede de ensino. O documento apresenta informa\u00e7\u00f5es destinadas a auxiliar a comunidade escolar a se proteger e [&hellip;]<\/p>\n","protected":false},"author":246,"featured_media":217852,"comment_status":"closed","ping_status":"closed","sticky":false,"template":"","format":"standard","meta":{"footnotes":""},"categories":[253,436,439],"tags":[],"class_list":["post-217851","post","type-post","status-publish","format-standard","has-post-thumbnail","hentry","category-cidade","category-destaque-da-semana","category-ultima-hora"],"_links":{"self":[{"href":"https:\/\/diarioregionaldigital.com.br\/index.php?rest_route=\/wp\/v2\/posts\/217851","targetHints":{"allow":["GET"]}}],"collection":[{"href":"https:\/\/diarioregionaldigital.com.br\/index.php?rest_route=\/wp\/v2\/posts"}],"about":[{"href":"https:\/\/diarioregionaldigital.com.br\/index.php?rest_route=\/wp\/v2\/types\/post"}],"author":[{"embeddable":true,"href":"https:\/\/diarioregionaldigital.com.br\/index.php?rest_route=\/wp\/v2\/users\/246"}],"replies":[{"embeddable":true,"href":"https:\/\/diarioregionaldigital.com.br\/index.php?rest_route=%2Fwp%2Fv2%2Fcomments&post=217851"}],"version-history":[{"count":1,"href":"https:\/\/diarioregionaldigital.com.br\/index.php?rest_route=\/wp\/v2\/posts\/217851\/revisions"}],"predecessor-version":[{"id":217853,"href":"https:\/\/diarioregionaldigital.com.br\/index.php?rest_route=\/wp\/v2\/posts\/217851\/revisions\/217853"}],"wp:featuredmedia":[{"embeddable":true,"href":"https:\/\/diarioregionaldigital.com.br\/index.php?rest_route=\/wp\/v2\/media\/217852"}],"wp:attachment":[{"href":"https:\/\/diarioregionaldigital.com.br\/index.php?rest_route=%2Fwp%2Fv2%2Fmedia&parent=217851"}],"wp:term":[{"taxonomy":"category","embeddable":true,"href":"https:\/\/diarioregionaldigital.com.br\/index.php?rest_route=%2Fwp%2Fv2%2Fcategories&post=217851"},{"taxonomy":"post_tag","embeddable":true,"href":"https:\/\/diarioregionaldigital.com.br\/index.php?rest_route=%2Fwp%2Fv2%2Ftags&post=217851"}],"curies":[{"name":"wp","href":"https:\/\/api.w.org\/{rel}","templated":true}]}}