{"id":217845,"date":"2023-09-06T19:32:06","date_gmt":"2023-09-06T22:32:06","guid":{"rendered":"https:\/\/diarioregionaldigital.com.br\/?p=217845"},"modified":"2023-09-06T19:32:06","modified_gmt":"2023-09-06T22:32:06","slug":"serie-d-ferroviaria-sp-recebe-athletic-club-mg-em-jogo-de-ida-da-sem","status":"publish","type":"post","link":"https:\/\/diarioregionaldigital.com.br\/?p=217845","title":{"rendered":"S\u00e9rie D: Ferrovi\u00e1ria-SP recebe Athletic Club-MG em jogo de ida da sem"},"content":{"rendered":"<p>J\u00e1 classificados para a S\u00e9rie C do Campeoanato Brasileiro de 2024, Ferrovi\u00e1ria-SP e Athletic Club-MG come\u00e7am a disputar na noite desta quarta-feira (6) uma vaga na final da S\u00e9rie D deste ano. O primeiro embate das semifinais, \u00e0s 20h (hor\u00e1rio de Bras\u00edlia), no Est\u00e1dio Fonte Luminosa, em Araraquara (SP), ser\u00e1 transmitido ao vivo na\u00a0<a href=\"https:\/\/tvbrasil.ebc.com.br\/\"><strong>TV Brasil.\u00a0<\/strong><\/a><img decoding=\"async\" src=\"https:\/\/agenciabrasil.ebc.com.br\/ebc.png?id=1553408&amp;o=node\" \/><img decoding=\"async\" src=\"https:\/\/agenciabrasil.ebc.com.br\/ebc.gif?id=1553408&amp;o=node\" \/><\/p>\n<p>A Locomotiva chega \u00e0 semifinal com invencibilidade de sete jogos (quatro vit\u00f3rias e tr\u00eas empates). Al\u00e9m disso, a equipe comandada pelo t\u00e9cnico Alexandre Lopes tem uma defesa fechada, vazada apenas uma vez nos \u00faltimos quatro jogos. O time tem no elenco o atacante Pilar, artilheiro desta edi\u00e7\u00e3o da S\u00e9rie D, com seis gols. No \u00faltimo domingo (3), a equipe de Araraquara se classificou ao vencer o Maranh\u00e3o nos p\u00eanaltis (3 a 0), ap\u00f3s o segundo empate seguido no tempo normal. No jogo desta noite, o t\u00e9cnico Lopes n\u00e3o poder\u00e1 contar com o atacante V\u00edtor Barreto, suspenso com o terceiro amarelo, e nem com o zagueiro Ma\u00edlson, que se recupera de les\u00e3o.<\/p>\n<p>O Athletic Club, agremia\u00e7\u00e3o de S\u00e3o Jo\u00e3o Del Rei), conseguiu\u00a0o acesso \u00e0 S\u00e9rie C de 2024 e a classifica\u00e7\u00e3o \u00e0 semi no \u00faltimo s\u00e1bado (2), ao derrotar o Bahia de Feira, por 2 a 0, no placar agregado. Em sua primeira participa\u00e7\u00e3o na S\u00e9rie D, o clube fundado h\u00e1 114 anos\u00a0se destacou desde a fase de grupos:\u00a0avan\u00e7ou \u00e0 segunda fase na lideran\u00e7a da chave 6. Depois, na segunda fase (jogos de ida e volta) superou o \u00a0Brasiliense-DF e, na sequ\u00eancia, o Cambori\u00fa-SC (oitavas).<\/p>\n<p>A equipe mineira n\u00e3o ter\u00e1 o t\u00e9cnico C\u00edcero J\u00fanior \u00e0 beira do campo esta noite: ele\u00a0foi expulso por reclama\u00e7\u00e3o na partida de s\u00e1bado (2). Tamb\u00e9m segue indefinida a escala\u00e7\u00e3o do volante\u00a0Vin\u00edcius Silva e do atacante Brand\u00e3o, ambos em recupera\u00e7\u00e3o de dores musculares.<\/p>\n<p>A partida de volta das semifinais ser\u00e1 no pr\u00f3ximo domingo est\u00e1 marcada para o domingo (10), \u00e0s 15h, na Arena Independ\u00eancia, em Belo Horizonte.<\/p>\n<p><span style=\"font-weight: 400;\">Fonte: Ag\u00eancia Brasil <\/span><\/p>\n","protected":false},"excerpt":{"rendered":"<p>J\u00e1 classificados para a S\u00e9rie C do Campeoanato Brasileiro de 2024, Ferrovi\u00e1ria-SP e Athletic Club-MG come\u00e7am a disputar na noite desta quarta-feira (6) uma vaga na final da S\u00e9rie D deste ano. O primeiro embate das semifinais, \u00e0s 20h (hor\u00e1rio de Bras\u00edlia), no Est\u00e1dio Fonte Luminosa, em Araraquara (SP), ser\u00e1 transmitido ao vivo na\u00a0TV Brasil.\u00a0 [&hellip;]<\/p>\n","protected":false},"author":246,"featured_media":217846,"comment_status":"closed","ping_status":"closed","sticky":false,"template":"","format":"standard","meta":{"footnotes":""},"categories":[436,257,439],"tags":[],"class_list":["post-217845","post","type-post","status-publish","format-standard","has-post-thumbnail","hentry","category-destaque-da-semana","category-esporte","category-ultima-hora"],"_links":{"self":[{"href":"https:\/\/diarioregionaldigital.com.br\/index.php?rest_route=\/wp\/v2\/posts\/217845","targetHints":{"allow":["GET"]}}],"collection":[{"href":"https:\/\/diarioregionaldigital.com.br\/index.php?rest_route=\/wp\/v2\/posts"}],"about":[{"href":"https:\/\/diarioregionaldigital.com.br\/index.php?rest_route=\/wp\/v2\/types\/post"}],"author":[{"embeddable":true,"href":"https:\/\/diarioregionaldigital.com.br\/index.php?rest_route=\/wp\/v2\/users\/246"}],"replies":[{"embeddable":true,"href":"https:\/\/diarioregionaldigital.com.br\/index.php?rest_route=%2Fwp%2Fv2%2Fcomments&post=217845"}],"version-history":[{"count":1,"href":"https:\/\/diarioregionaldigital.com.br\/index.php?rest_route=\/wp\/v2\/posts\/217845\/revisions"}],"predecessor-version":[{"id":217847,"href":"https:\/\/diarioregionaldigital.com.br\/index.php?rest_route=\/wp\/v2\/posts\/217845\/revisions\/217847"}],"wp:featuredmedia":[{"embeddable":true,"href":"https:\/\/diarioregionaldigital.com.br\/index.php?rest_route=\/wp\/v2\/media\/217846"}],"wp:attachment":[{"href":"https:\/\/diarioregionaldigital.com.br\/index.php?rest_route=%2Fwp%2Fv2%2Fmedia&parent=217845"}],"wp:term":[{"taxonomy":"category","embeddable":true,"href":"https:\/\/diarioregionaldigital.com.br\/index.php?rest_route=%2Fwp%2Fv2%2Fcategories&post=217845"},{"taxonomy":"post_tag","embeddable":true,"href":"https:\/\/diarioregionaldigital.com.br\/index.php?rest_route=%2Fwp%2Fv2%2Ftags&post=217845"}],"curies":[{"name":"wp","href":"https:\/\/api.w.org\/{rel}","templated":true}]}}