{"id":217839,"date":"2023-09-06T19:24:41","date_gmt":"2023-09-06T22:24:41","guid":{"rendered":"https:\/\/diarioregionaldigital.com.br\/?p=217839"},"modified":"2023-09-06T19:24:41","modified_gmt":"2023-09-06T22:24:41","slug":"camara-aprova-limite-para-juros-no-cartao-de-credito-e-desenrola","status":"publish","type":"post","link":"https:\/\/diarioregionaldigital.com.br\/?p=217839","title":{"rendered":"C\u00e2mara aprova limite para juros no cart\u00e3o de cr\u00e9dito e Desenrola"},"content":{"rendered":"<p>A C\u00e2mara dos Deputados aprovou nesta ter\u00e7a-feira (5) a proposta que remete ao Conselho Monet\u00e1rio Nacional (CMN) a fixa\u00e7\u00e3o de limites para os juros do cart\u00e3o de cr\u00e9dito a partir de sugest\u00e3o do mercado. O texto tamb\u00e9m cont\u00e9m as regras do programa de renegocia\u00e7\u00e3o de d\u00edvidas Desenrola Brasil.<img decoding=\"async\" src=\"https:\/\/agenciabrasil.ebc.com.br\/ebc.png?id=1553441&amp;o=node\" \/><img decoding=\"async\" src=\"https:\/\/agenciabrasil.ebc.com.br\/ebc.gif?id=1553441&amp;o=node\" \/><\/p>\n<p>Os deputados aprovaram o substitutivo do relator, deputado Alencar Santana (PT-SP), para o Projeto de Lei 2.685\/22, do deputado Elmar Nascimento (Uni\u00e3o-BA). Segundo o texto, o CMN dever\u00e1 aprovar limites para juros e encargos cobrados no parcelamento da fatura nas modalidades rotativo e parcelado do cart\u00e3o de cr\u00e9dito.<\/p>\n<p>O texto aprovado prev\u00ea a portabilidade da d\u00edvida do cart\u00e3o de cr\u00e9dito e de outros d\u00e9bitos relacionados a ele, mesmo os j\u00e1 parcelados pelo pr\u00f3prio cart\u00e3o. Assim, o consumidor poder\u00e1 buscar ofertas de juros menores para equacionar sua d\u00edvida.<\/p>\n<p>Tamb\u00e9m foi inclu\u00eddo no projeto o texto da Medida Provis\u00f3ria 1.176\/23, que cria o Programa Desenrola Brasil, a fim de incentivar a renegocia\u00e7\u00e3o de d\u00edvidas, ofertando garantia para aquelas de pequeno valor (at\u00e9 R$ 5 mil).<\/p>\n<p>O Plen\u00e1rio rejeitou todos os destaques e a\u00a0proposta segue para vota\u00e7\u00e3o no Senado.<\/p>\n<p><span style=\"font-weight: 400;\">Fonte: Ag\u00eancia Brasil <\/span><\/p>\n","protected":false},"excerpt":{"rendered":"<p>A C\u00e2mara dos Deputados aprovou nesta ter\u00e7a-feira (5) a proposta que remete ao Conselho Monet\u00e1rio Nacional (CMN) a fixa\u00e7\u00e3o de limites para os juros do cart\u00e3o de cr\u00e9dito a partir de sugest\u00e3o do mercado. O texto tamb\u00e9m cont\u00e9m as regras do programa de renegocia\u00e7\u00e3o de d\u00edvidas Desenrola Brasil. Os deputados aprovaram o substitutivo do relator, [&hellip;]<\/p>\n","protected":false},"author":246,"featured_media":217840,"comment_status":"closed","ping_status":"closed","sticky":false,"template":"","format":"standard","meta":{"footnotes":""},"categories":[436,254,439],"tags":[],"class_list":["post-217839","post","type-post","status-publish","format-standard","has-post-thumbnail","hentry","category-destaque-da-semana","category-politica","category-ultima-hora"],"_links":{"self":[{"href":"https:\/\/diarioregionaldigital.com.br\/index.php?rest_route=\/wp\/v2\/posts\/217839","targetHints":{"allow":["GET"]}}],"collection":[{"href":"https:\/\/diarioregionaldigital.com.br\/index.php?rest_route=\/wp\/v2\/posts"}],"about":[{"href":"https:\/\/diarioregionaldigital.com.br\/index.php?rest_route=\/wp\/v2\/types\/post"}],"author":[{"embeddable":true,"href":"https:\/\/diarioregionaldigital.com.br\/index.php?rest_route=\/wp\/v2\/users\/246"}],"replies":[{"embeddable":true,"href":"https:\/\/diarioregionaldigital.com.br\/index.php?rest_route=%2Fwp%2Fv2%2Fcomments&post=217839"}],"version-history":[{"count":1,"href":"https:\/\/diarioregionaldigital.com.br\/index.php?rest_route=\/wp\/v2\/posts\/217839\/revisions"}],"predecessor-version":[{"id":217841,"href":"https:\/\/diarioregionaldigital.com.br\/index.php?rest_route=\/wp\/v2\/posts\/217839\/revisions\/217841"}],"wp:featuredmedia":[{"embeddable":true,"href":"https:\/\/diarioregionaldigital.com.br\/index.php?rest_route=\/wp\/v2\/media\/217840"}],"wp:attachment":[{"href":"https:\/\/diarioregionaldigital.com.br\/index.php?rest_route=%2Fwp%2Fv2%2Fmedia&parent=217839"}],"wp:term":[{"taxonomy":"category","embeddable":true,"href":"https:\/\/diarioregionaldigital.com.br\/index.php?rest_route=%2Fwp%2Fv2%2Fcategories&post=217839"},{"taxonomy":"post_tag","embeddable":true,"href":"https:\/\/diarioregionaldigital.com.br\/index.php?rest_route=%2Fwp%2Fv2%2Ftags&post=217839"}],"curies":[{"name":"wp","href":"https:\/\/api.w.org\/{rel}","templated":true}]}}