{"id":217809,"date":"2023-09-06T00:00:32","date_gmt":"2023-09-06T03:00:32","guid":{"rendered":"https:\/\/diarioregionaldigital.com.br\/?p=217809"},"modified":"2023-09-06T00:00:32","modified_gmt":"2023-09-06T03:00:32","slug":"pjf-retira-55-toneladas-de-lixo-das-bocas-de-lobo-no-mes-de-agosto","status":"publish","type":"post","link":"https:\/\/diarioregionaldigital.com.br\/?p=217809","title":{"rendered":"PJF retira 55 toneladas de lixo das bocas de lobo no m\u00eas de agosto"},"content":{"rendered":"<p>Segundo informa\u00e7\u00f5es do site da Prefeitura de Juiz de Fora (PJF), equipes do projeto Boniteza, da Prefeitura de Juiz de Fora (PJF), atuam constantemente nas limpezas de ruas e avenidas da cidade, e recolheram neste m\u00eas de agosto 55 toneladas de lixo das bocas de lobo de todo o munic\u00edpio.<\/p>\n<div><\/div>\n<div>Os trabalhos foram realizados em todas as zonas da cidade na limpeza, desobstru\u00e7\u00e3o e manuten\u00e7\u00e3o de bocas de lobo, bueiros, po\u00e7os de visita e galerias de \u00e1guas pluviais. O servi\u00e7o \u00e9 de suma import\u00e2ncia para evitar que haja mais alagamentos e enchentes. Entretanto, para que os resultados destas interven\u00e7\u00f5es sejam duradouros, \u00e9 necess\u00e1rio que as pessoas colaborem n\u00e3o jogando lixo e entulho nas ruas, c\u00f3rregos e bocas de lobo.<\/div>\n<div><\/div>\n<div>Desde o dia 18 de julho de 2022, quando as equipes da Secretaria de Obras (SO) come\u00e7aram a contabilizar a quantidade de entulho e lixo retirados das bocas de lobo da cidade, at\u00e9 este momento, j\u00e1 foram encaminhadas ao aterro sanit\u00e1rio mais de 804 toneladas de lixo. Em sua grande maioria, o pl\u00e1stico, como sacolas, garrafas pets, s\u00e3o os principais objetos encontrados, derivado do lixo dom\u00e9stico. S\u00f3 nos primeiros seis meses de 2023, foram recolhidos\u00a0<a href=\"https:\/\/www.pjf.mg.gov.br\/noticias\/view.php?modo=link2&amp;idnoticia2=80351\"><strong>363,5 toneladas de lixo das bocas de lobo de todo o munic\u00edpio<\/strong><\/a>.\u00a0Somando estes dados, a Secretaria de Obras retirou apenas este ano, 481,5 toneladas de lixo.<\/div>\n<div><\/div>\n<div>Em fevereiro deste ano, a Secretaria de Obras (SO), adquiriu um n<a href=\"https:\/\/www.pjf.mg.gov.br\/noticias\/view.php?modo=link2&amp;idnoticia2=78766\">ovo caminh\u00e3o vacal para realizar a limpeza das bocas de lobo do muni<\/a>c<a href=\"https:\/\/www.pjf.mg.gov.br\/noticias\/view.php?modo=link2&amp;idnoticia2=78766\">\u00edpio<\/a>. Com objetivo de melhorar a efici\u00eancia do sistema de drenagem de \u00e1guas pluviais, a PJF refor\u00e7ou o trabalho de limpeza e desobstru\u00e7\u00e3o de bocas de lobo utilizando um caminh\u00e3o hidrojato, ferramenta que usa uma mangueira de suc\u00e7\u00e3o e permite que o equipamento limpe todo o lixo e sugue os res\u00edduos que estejam\u00a0<a href=\"https:\/\/www.pjf.mg.gov.br\/noticias\/view.php?modo=link2&amp;idnoticia2=78766\"><strong>bloqueando as caixas coletoras<\/strong><\/a>.<\/div>\n","protected":false},"excerpt":{"rendered":"<p>Segundo informa\u00e7\u00f5es do site da Prefeitura de Juiz de Fora (PJF), equipes do projeto Boniteza, da Prefeitura de Juiz de Fora (PJF), atuam constantemente nas limpezas de ruas e avenidas da cidade, e recolheram neste m\u00eas de agosto 55 toneladas de lixo das bocas de lobo de todo o munic\u00edpio. Os trabalhos foram realizados em [&hellip;]<\/p>\n","protected":false},"author":246,"featured_media":217810,"comment_status":"closed","ping_status":"closed","sticky":false,"template":"","format":"standard","meta":{"footnotes":""},"categories":[253,436,439],"tags":[],"class_list":["post-217809","post","type-post","status-publish","format-standard","has-post-thumbnail","hentry","category-cidade","category-destaque-da-semana","category-ultima-hora"],"_links":{"self":[{"href":"https:\/\/diarioregionaldigital.com.br\/index.php?rest_route=\/wp\/v2\/posts\/217809","targetHints":{"allow":["GET"]}}],"collection":[{"href":"https:\/\/diarioregionaldigital.com.br\/index.php?rest_route=\/wp\/v2\/posts"}],"about":[{"href":"https:\/\/diarioregionaldigital.com.br\/index.php?rest_route=\/wp\/v2\/types\/post"}],"author":[{"embeddable":true,"href":"https:\/\/diarioregionaldigital.com.br\/index.php?rest_route=\/wp\/v2\/users\/246"}],"replies":[{"embeddable":true,"href":"https:\/\/diarioregionaldigital.com.br\/index.php?rest_route=%2Fwp%2Fv2%2Fcomments&post=217809"}],"version-history":[{"count":1,"href":"https:\/\/diarioregionaldigital.com.br\/index.php?rest_route=\/wp\/v2\/posts\/217809\/revisions"}],"predecessor-version":[{"id":217811,"href":"https:\/\/diarioregionaldigital.com.br\/index.php?rest_route=\/wp\/v2\/posts\/217809\/revisions\/217811"}],"wp:featuredmedia":[{"embeddable":true,"href":"https:\/\/diarioregionaldigital.com.br\/index.php?rest_route=\/wp\/v2\/media\/217810"}],"wp:attachment":[{"href":"https:\/\/diarioregionaldigital.com.br\/index.php?rest_route=%2Fwp%2Fv2%2Fmedia&parent=217809"}],"wp:term":[{"taxonomy":"category","embeddable":true,"href":"https:\/\/diarioregionaldigital.com.br\/index.php?rest_route=%2Fwp%2Fv2%2Fcategories&post=217809"},{"taxonomy":"post_tag","embeddable":true,"href":"https:\/\/diarioregionaldigital.com.br\/index.php?rest_route=%2Fwp%2Fv2%2Ftags&post=217809"}],"curies":[{"name":"wp","href":"https:\/\/api.w.org\/{rel}","templated":true}]}}