{"id":217806,"date":"2023-09-05T23:59:03","date_gmt":"2023-09-06T02:59:03","guid":{"rendered":"https:\/\/diarioregionaldigital.com.br\/?p=217806"},"modified":"2023-09-05T23:59:03","modified_gmt":"2023-09-06T02:59:03","slug":"avenida-rio-branco-tera-interdicoes-para-desfile-de-7-de-setembro","status":"publish","type":"post","link":"https:\/\/diarioregionaldigital.com.br\/?p=217806","title":{"rendered":"Avenida Rio Branco ter\u00e1 interdi\u00e7\u00f5es para desfile de 7 de setembro"},"content":{"rendered":"<p>Segundo informa\u00e7\u00f5es do site da Prefeitura de Juiz de Fora (PJF), a\u00a0Avenida Rio Branco receber\u00e1 nesta quinta-feira, 7 de setembro, Dia da Independ\u00eancia do Brasil, o desfile c\u00edvico militar de Juiz de Fora. O desfile ser\u00e1 realizado a partir das 8h30, com percurso partindo da altura da Santa Casa, cruzando a extens\u00e3o da Avenida.<br \/>\nMotoristas e usu\u00e1rios do transporte coletivo que circularem pelo Centro da cidade devem ficar atentos \u00e0s altera\u00e7\u00f5es e interdi\u00e7\u00f5es do tr\u00e2nsito a partir de 6h at\u00e9 o t\u00e9rmino do desfile. A Avenida Rio Branco ter\u00e1 todas as suas pistas totalmente fechadas entre a Avenida Itamar Franco e a Rua Silva Jardim. J\u00e1 a pista central, onde circulam os \u00f4nibus, ser\u00e1 interditada desde a Avenida Proc\u00f3pio Teixeiras at\u00e9 a Silva Jardim. As ruas que cortam a Avenida Rio Branco tamb\u00e9m ter\u00e3o o tr\u00e2nsito bloqueado no quadrante central durante a realiza\u00e7\u00e3o do desfile.<br \/>\nPara garantir o retorno dos \u00f4nibus para a Avenida Rio Branco, a Rua Rei Alberto ter\u00e1 a m\u00e3o invertida e a circula\u00e7\u00e3o ser\u00e1 obrigatoriamente da Rua Santo Ant\u00f4nio para a Avenida Rio Branco, que ter\u00e1 este trecho da pista lateral direita liberada at\u00e9 a Itamar Franco. Durante a montagem do palco da cerim\u00f4nia, iniciada nesta ter\u00e7a-feira, 5, haver\u00e1 estreitamento de pista na Rio Branco pr\u00f3ximo \u00e0 Rua Halfeld.<br \/>\n<strong>Confira todas as linhas que v\u00e3o ter altera\u00e7\u00e3o de itiner\u00e1rio durante o desfile:<\/strong><\/p>\n<p>&nbsp;<\/p>\n<p><strong>Itiner\u00e1rio sentido Manoel Hon\u00f3rio\/Bom Pastor:<\/strong><\/p>\n<p>&nbsp;<\/p>\n<p>Linhas: 100,104, 106, 108, 115, 117 a 125, 129 a 137, 141, 143, 145:&#8230;Av. Bar\u00e3o do Rio Branco, Rua Roberto de Barros, Rua Jarbas de Lery Santos, Av. Get\u00falio Vargas, Av. Presidente Itamar Franco, Rua Santo Ant\u00f4nio, Rua Rei Alberto, Av. Bar\u00e3o do Rio Branco (pista lateral)\u2026<\/p>\n<p>Ponto de parada: Pontos de \u00f4nibus existentes nestas vias.<\/p>\n<p>&nbsp;<\/p>\n<p><strong>Itiner\u00e1rio sentido Bom Pastor\/Manoel Hon\u00f3rio:<\/strong><\/p>\n<p>&nbsp;<\/p>\n<p>Linhas: 100, 104, 106, 108, 115, 117 a 125, 129 a 137, 141, 143, 145:&#8230;Av. Bar\u00e3o do Rio Branco (pista lateral), Av. Presidente Itamar Franco, Travessa Dr. Prisco, Av. Francisco Bernardino, Av. Bar\u00e3o do Rio Branco\u2026<\/p>\n<p>Ponto de parada: Pontos de \u00f4nibus existentes nestas vias.<\/p>\n<p><strong>Itiner\u00e1rio sentido Manoel Hon\u00f3rio\/Bom Pastor:<\/strong><\/p>\n<p>&nbsp;<\/p>\n<p>Linhas 101, 102, 103, 105, 107, 109, 110, 116, 150 e 155: &#8230;Av. Bar\u00e3o do Rio Branco (pista central) Rua Roberto de Barros, Rua Jarbas de Lery Santos, Av. Get\u00falio Vargas, Travessa Dr. Prisco, Av. Francisco Bernardino, Av. Bar\u00e3o do Rio Branco\u2026<\/p>\n<p>Ponto de parada: Av. Get\u00falio Vargas, entre Rua Marechal Deodoro e Rua Halfeld.<\/p>\n<p>&nbsp;<\/p>\n<p><strong>Itiner\u00e1rio sentido Bom Pastor\/Santa Terezinha:<\/strong><\/p>\n<p>&nbsp;<\/p>\n<p>Linha 111 :&#8230;Av. Bar\u00e3o do Rio Branco (pista lateral), Av. Itamar Franco, Travessa Dr. Prisco, Av. Francisco Bernardino, Rua Bar\u00e3o de Cataguases\u2026<\/p>\n<p>Ponto de parada: Pontos de \u00f4nibus existentes nestas vias.<\/p>\n<p><strong>Itiner\u00e1rio sentido Santa Terezinha\/Bom Pastor:<\/strong><\/p>\n<p>&nbsp;<\/p>\n<p>Linha 111: \u2026 Av. dos Andradas, Rua Silva Jardim, Rua Roberto de Barros, Rua Jarbas de Lery Santos, Av. Get\u00falio Vargas, Av. Itamar Franco, Rua Santo Ant\u00f4nio, Rua Rei Alberto, Av. Bar\u00e3o do Rio Branco (pista lateral).<\/p>\n<p>Ponto de parada: Av. Get\u00falio Vargas, entre Rua Marechal Deodoro e Rua Halfeld.<\/p>\n<p>&nbsp;<\/p>\n<p><strong>Itiner\u00e1rio sentido Manoel Hon\u00f3rio\/Centro:<\/strong><\/p>\n<p>&nbsp;<\/p>\n<p>Linhas 201 a 210: &#8230;, Av. Bar\u00e3o do Rio Branco, Rua Roberto de Barros, Rua Jarbas de Lery Santos, Av. Get\u00falio Vargas, Travessa Dr. Prisco, Av. Francisco Bernardino, Av. Bar\u00e3o do Rio Branco, &#8230;<\/p>\n<p>Ponto de parada: Av. Get\u00falio Vargas, entre Rua Marechal Deodoro e Rua Halfeld.<\/p>\n<p>&nbsp;<\/p>\n<p><strong>Itiner\u00e1rio sentido Manoel Hon\u00f3rio\/Bom Pastor:<\/strong><\/p>\n<p>&nbsp;<\/p>\n<p>Linhas 239, 249 e 259: &#8230;Av. Bar\u00e3o do Rio Branco, Rua Roberto de Barros, Rua Jarbas de Lery Santos, Av. Get\u00falio Vargas, Av. Itamar Franco, Rua Santo Ant\u00f4nio, Rua Rei Alberto, Av. Bar\u00e3o do Rio Branco (pista lateral)\u2026 Ponto de parada: Av. Get\u00falio Vargas, entre Rua Marechal Deodoro e Rua Halfeld.<\/p>\n<p><strong>Itiner\u00e1rio sentido Bom Pastor\/Manoel Hon\u00f3rio:<\/strong><\/p>\n<p>&nbsp;<\/p>\n<p>Linhas 239, 249 e 259: &#8230;Av. Bar\u00e3o do Rio Branco (pista lateral), Av. Itamar Franco, Travessa Dr. Prisco, Av. Francisco Bernardino, Av. Bar\u00e3o do Rio Branco&#8230;<\/p>\n<p>Ponto de parada: Pontos de \u00f4nibus j\u00e1 existentes.<\/p>\n<p>&nbsp;<\/p>\n<p><strong>Itiner\u00e1rio sentido Manoel Hon\u00f3rio\/Bom Pastor:<\/strong><\/p>\n<p>&nbsp;<\/p>\n<p>Linhas 211, 215, 216, 218, 220, 226: &#8230;Av. Bar\u00e3o do Rio Branco, Rua Roberto de Barros, Rua Jarbas de Lery Santos, Av. Get\u00falio Vargas, Av. Itamar Franco, Rua Santo Ant\u00f4nio, Rua Rei Alberto, Av. Bar\u00e3o do Rio Branco (pista lateral)\u2026 Ponto de parada: Av. Get\u00falio Vargas esquina com Rua Halfeld, Av. Itamar Franco pr\u00f3ximo ao Procon.<\/p>\n<p>&nbsp;<\/p>\n<p><strong>Itiner\u00e1rio sentido Bom Pastor\/Manoel Hon\u00f3rio:<\/strong><\/p>\n<p>&nbsp;<\/p>\n<p>Linhas 211, 212, 215, 216, 218, 220, 226: &#8230;, Av. Bar\u00e3o do Rio Branco (pista lateral), Av. Itamar Franco, Travessa Dr. Prisco, Av. Francisco Bernardino, Av. Bar\u00e3o do Rio Branco, &#8230;<\/p>\n<p>Ponto de parada: Pontos de \u00f4nibus existentes.<\/p>\n<p>&nbsp;<\/p>\n<p><strong>Itiner\u00e1rio sentido Centro\/Bom Pastor:<\/strong><\/p>\n<p>&nbsp;<\/p>\n<p>Linha 222: \u2026Av. dos Andradas, Rua Silva Jardim, Rua Roberto de Barros, Rua Jarbas de Lery Santos, Av. Get\u00falio Vargas, Av. Presidente Itamar Franco, Rua Santo Ant\u00f4nio, Rua Rei Alberto, Av. Bar\u00e3o do Rio Branco (pista lateral)\u2026<\/p>\n<p>Ponto de parada: Av. Get\u00falio Vargas esquina com Rua Halfeld, Av. Presidente Itamar Franco em pr\u00f3ximo ao Procon.<\/p>\n<p>&nbsp;<\/p>\n<p><strong>Itiner\u00e1rio sentido Bom Pastor\/Centro:<\/strong><\/p>\n<p>&nbsp;<\/p>\n<p>Linha 222: &#8230;Av. Bar\u00e3o do Rio Branco (pista lateral), Av. Presidente Itamar Franco, Travessa Dr. Prisco, Av. Francisco Bernardino, Rua Bar\u00e3o de Cataguases\u2026<\/p>\n<p>Ponto de parada: Pontos de \u00f4nibus existentes.<\/p>\n<p>&nbsp;<\/p>\n<p><strong>Itiner\u00e1rio sentido Po\u00e7o Rico\/Manoel Hon\u00f3rio:<\/strong><br \/>\nLinha 311: &#8230;Viaduto Augusto Franco, Pra\u00e7a Ant\u00f4nio Carlos, Travessa Dr. Prisco, Av. Francisco Bernardino, Av. Bar\u00e3o do Rio Branco\u2026<\/p>\n<p>Ponto de parada: Pontos de \u00f4nibus existentes.<\/p>\n<p>&nbsp;<\/p>\n<p><strong>Itiner\u00e1rio sentido Manoel Hon\u00f3rio\/Po\u00e7o Rico:<\/strong><\/p>\n<p>&nbsp;<\/p>\n<p>Linha 311: &#8230;Av. Bar\u00e3o do Rio Branco, Rua Roberto de Barros, Rua Jarbas de Lery Santos, Av. Get\u00falio Vargas&#8230;<\/p>\n<p>&nbsp;<\/p>\n<p><strong>Itiner\u00e1rio sentido Manoel Hon\u00f3rio\/Centro:<\/strong><\/p>\n<p>&nbsp;<\/p>\n<p>Linhas 404, 405, 406: &#8230;Av. Bar\u00e3o do Rio Branco, Rua Roberto de Barros, Rua Jarbas de Lery Santos, Av. Get\u00falio Vargas, Travessa Dr. Prisco, Av. Francisco Bernardino, Av. Bar\u00e3o do Rio Branco\u2026<\/p>\n<p>Ponto de parada: Pontos de \u00f4nibus existentes.<\/p>\n<p>&nbsp;<\/p>\n<p><strong>Itiner\u00e1rio sentido Centro\/Manoel Hon\u00f3rio:<\/strong><br \/>\nLinhas 404, 405, 406: &#8230;Av. Get\u00falio Vargas, Travessa Dr. Prisco, Av. Francisco Bernardino, Av. Bar\u00e3o do Rio Branco\u2026<\/p>\n<p>Ponto de parada: Pontos de \u00f4nibus existentes.<\/p>\n<p>&nbsp;<\/p>\n<p><strong>Itiner\u00e1rio sentido Centro\/bairro:<\/strong><\/p>\n<p>&nbsp;<\/p>\n<p>Linhas 600, 601 e 602: &#8230;Av. Get\u00falio Vargas, Travessa Dr. Prisco, Av. Francisco Bernardino, Rua Bar\u00e3o de Cataguases, Av. dos Andradas\u2026<\/p>\n<p>Ponto de parada: Pontos de \u00f4nibus existentes.<\/p>\n<p>&nbsp;<\/p>\n<p><strong>Itiner\u00e1rio sentido Morro da Gl\u00f3ria\/Centro:<\/strong><\/p>\n<p>Linha 611: &#8230;Av. dos Andradas, Rua Silva Jardim, Rua Roberto de Barros, Rua Jarbas de Lery Santos, Av. Get\u00falio Vargas, Av. Presidente Itamar Franco\u2026<\/p>\n<p>Ponto de parada: Pontos de \u00f4nibus existentes.<\/p>\n<p>&nbsp;<\/p>\n<p><strong>Itiner\u00e1rio sentido Zona Norte\/Bom Pastor:<\/strong><br \/>\nLinha 626: \u2026Av. dos Andradas, Rua Silva Jardim, Rua Roberto de Barros, Rua Jarbas de Lery Santos, Av. Get\u00falio Vargas, Av. Presidente Itamar Franco, Rua Santo Ant\u00f4nio, Rua Rei Alberto, Av. Bar\u00e3o do Rio Branco (pista lateral)&#8230;<\/p>\n<p>&nbsp;<\/p>\n<p><strong>Itiner\u00e1rio sentido Bom Pastor\/Zona Norte:<\/strong><\/p>\n<p>&nbsp;<\/p>\n<p>Linha 626:.., Av. Bar\u00e3o do Rio Branco (pista lateral), Av. Presidente Itamar Franco, Travessa Dr. Prisco, Av. Francisco Bernardino, Rua Bar\u00e3o de Cataguases, Av. dos Andradas\u2026<\/p>\n<p>Ponto de parada: Pontos de \u00f4nibus existentes.<br \/>\n<strong>Itiner\u00e1rio sentido bairro\/Centro:<\/strong><\/p>\n<p>&nbsp;<\/p>\n<p>Linhas 701, 709 e 737: &#8230;Av. dos Andradas, Rua Silva Jardim, Rua Roberto de Barros, Rua Jarbas de Lery Santos, Av. Get\u00falio Vargas\u2026<\/p>\n<p>&nbsp;<\/p>\n<p><strong>Itiner\u00e1rio sentido bairro\/Centro:<\/strong><br \/>\nLinhas 706, 707, 710, 711, 712, 713, 714, 715, 716, 718, 719, 721, 722, 725, 726, 727, 728, 729, 730, 731, 732, 733, 735, 736, 738, 740, 741,742, 743, 744, 745, 746, 747, 748, 751, 757: &#8230;Av. Bar\u00e3o do Rio Branco, Rua Roberto de Barros, Rua Jarbas de Lery Santos, Av. Get\u00falio Vargas\u2026<\/p>\n<p><strong>Itiner\u00e1rio sentido Zona Norte\/Bom Pastor:<\/strong><\/p>\n<p>&nbsp;<\/p>\n<p>Linha 766: \u2026Av. Bar\u00e3o do Rio Branco, Rua Roberto de Barros, Rua Jarbas de Lery Santos, Av. Get\u00falio Vargas, Av. Presidente Itamar Franco, Rua Santo Ant\u00f4nio, Rua Rei Alberto, Av. Bar\u00e3o do Rio Branco (pista lateral)\u2026<\/p>\n<p>Ponto de parada: Pontos de \u00f4nibus existentes.<\/p>\n<p>&nbsp;<\/p>\n<p><strong>Itiner\u00e1rio sentido Bom Pastor\/Zona Norte:<\/strong><\/p>\n<p>&nbsp;<\/p>\n<p>Linha 766: \u2026Av. Bar\u00e3o do Rio Branco, Av. Presidente Itamar Franco, Travessa Dr. Prisco, Av. Francisco Bernardino, Av. Bar\u00e3o do Rio Branco (pista lateral)\u2026<\/p>\n<p>&nbsp;<\/p>\n<p><strong>Itiner\u00e1rio sentido Manoel Hon\u00f3rio\/Centro:<\/strong><\/p>\n<p>&nbsp;<\/p>\n<p>Linhas 402, 403: &#8230;Av. Bar\u00e3o do Rio Branco, Rua Roberto de Barros, Rua Jarbas de Lery Santos, Av. Get\u00falio Vargas, Travessa Dr. Prisco, Av. Francisco Bernardino, Av. Bar\u00e3o do Rio Branco&#8230;<\/p>\n<p>Ponto de parada: Pontos de \u00f4nibus existentes.<\/p>\n<p>&nbsp;<\/p>\n<p><strong>Itiner\u00e1rio sentido Centro\/Manoel Hon\u00f3rio:<\/strong><br \/>\nLinhas 402, 403: &#8230;Av. Get\u00falio Vargas, Travessa Dr. Prisco, Av. Francisco Bernardino, Av. Bar\u00e3o do Rio Branco\u2026<\/p>\n<p>Ponto de parada: Pontos de \u00f4nibus existentes.<\/p>\n<p>&nbsp;<\/p>\n<p><strong>Itiner\u00e1rio sentido S\u00e3o Mateus\/Centro:<\/strong><br \/>\nLinhas 501, 508, 509, 510, 511, 512, 514, 515, 518, 520, 521, 522, 524, 526, 527, 528, 537: &#8230;Rua Dr. Romualdo, Av. Bar\u00e3o do Rio Branco (pista lateral), Av. Presidente Itamar Franco, Travessa Dr. Prisco, Av. Francisco Bernardino, Rua Bar\u00e3o de Cataguases&#8230;<\/p>\n<p>Ponto de parada: Pontos de \u00f4nibus existentes.<\/p>\n<p>&nbsp;<\/p>\n<p><strong>Itiner\u00e1rio sentido Centro\/S\u00e3o Mateus:<\/strong><br \/>\nLinhas 501, 508, 509, 510, 515, 518, 520, 521, 522, 526:<\/p>\n<p>&nbsp;<\/p>\n<p>&#8230; Av. Francisco Bernardino, Rua Roberto de Barros, Rua Jarbas de Lery Santos, Av. Get\u00falio Vargas, Av. Presidente Itamar Franco\u2026 Ponto de parada: Av. Get\u00falio Vargas esquina com Rua Bar\u00e3o de S\u00e3o Jo\u00e3o Nepomuceno.<\/p>\n<p>Ponto de parada: Pontos de \u00f4nibus existentes.<\/p>\n<p>&nbsp;<\/p>\n<p><strong>Itiner\u00e1rio sentido Centro\/S\u00e3o Mateus:<\/strong><br \/>\nLinhas 524 e 527: &#8230;Av. Francisco Bernardino, Rua Roberto Barros, Rua Jarbas de Lery Santos, Av. Get\u00falio Vargas, Av. Presidente Itamar Franco, Rua Santo Ant\u00f4nio, Rua Rei Alberto, Av. Bar\u00e3o do Rio Branco (pista lateral)\u2026 Ponto de parada: Av. Get\u00falio Vargas esquina com Rua Bar\u00e3o de S\u00e3o Jo\u00e3o Nepomuceno e Pontos de \u00f4nibus existentes.<\/p>\n<p>&nbsp;<\/p>\n<p><strong>Itiner\u00e1rio sentido S\u00e3o Mateus\/Centro:<\/strong><\/p>\n<p>&nbsp;<\/p>\n<p>Linhas 524 e 527: &#8230;Rua Dr. Romualdo, Av. Rio Branco (pista lateral), Av. Pres. Itamar Franco, Trav. Dr. Prisco, Av. Francisco Bernardino\u2026<\/p>\n<p>Ponto de parada: Pontos de \u00f4nibus existentes.<\/p>\n<p>&nbsp;<\/p>\n<p><strong>Itiner\u00e1rio sentido Centro\/S\u00e3o Pedro:<\/strong><\/p>\n<p>Linhas 530, 533, 538, 540, 542: &#8230;Av. dos Andradas, Rua Silva Jardim, Rua Roberto de Barros, Rua Jarbas de Lery Santos, Av. Get\u00falio Vargas, Travessa Dr. Prisco, Av. Francisco Bernardino, Rua Bar\u00e3o de Cataguases\u2026<\/p>\n<p>Ponto de parada: Pontos de \u00f4nibus existentes.<br \/>\nLinhas 539, 544 e 548: \u2026 Av. dos Andradas, Rua Silva Jardim, Rua Roberto de Barros, Av. Get\u00falio Vargas, Av. Presidente Itamar Franco &#8230;<\/p>\n<p>&nbsp;<\/p>\n<p><strong>Itiner\u00e1rio sentido Rodovi\u00e1rio\/Avenida Rio Branco:<\/strong><\/p>\n<p>&nbsp;<\/p>\n<p>Linha 640: \u2026, Av. Rio Branco, Rua Silva Jardim, Rua Roberto de Barros, Rua Jarbas de Lery Santos, Av. Get\u00falio Vargas, Av. Presidente Itamar Franco, Rua Santo Ant\u00f4nio, Rua Rei Alberto, Av. Bar\u00e3o do Rio Branco (pista lateral), &#8230;<\/p>\n<p>&nbsp;<\/p>\n<p><strong>Itiner\u00e1rio sentido Avenida Rio Branco\/Rodovi\u00e1ria:<\/strong><br \/>\nLinha 640: &#8230;Av. Rio Branco (pista lateral), Av. Pres. Itamar Franco, Trav. Dr. Prisco, Av. Francisco Bernardino, Av. Rio Branco\u2026<\/p>\n<p>Ponto de parada: Pontos de \u00f4nibus existentes.<\/p>\n<p>&nbsp;<\/p>\n<p><strong>Itiner\u00e1rio sentido Zona Norte\/Bom Pastor:<\/strong><\/p>\n<p>&nbsp;<\/p>\n<p>Linha 636: \u2026, Av. dos Andradas, Rua Silva Jardim, Rua Roberto de Barros, Rua Jarbas de Lery Santos, Av. Get\u00falio Vargas, Av. Presidente Itamar Franco, Rua Santo Ant\u00f4nio, Rua Rei Alberto, Av. Bar\u00e3o do Rio Branco (pista lateral),&#8230;<\/p>\n<p>&nbsp;<\/p>\n<p><strong>Itiner\u00e1rio sentido Bom Pastor\/Zona Norte:<\/strong><\/p>\n<p>&nbsp;<\/p>\n<p>Linha 636:..Av. Bar\u00e3o do Rio Branco (pista lateral), Av. Presidente Itamar Franco, Travessa Dr. Prisco, Av. Francisco Bernardino, Rua Bar\u00e3o de Cataguases, Av. dos Andradas&#8230;<\/p>\n<p>Ponto de parada: Pontos de \u00f4nibus existentes.<br \/>\n<strong>Itiner\u00e1rio sentido Centro\/bairro:<\/strong><\/p>\n<p>&nbsp;<\/p>\n<p>Linha 620:&#8230;Av. Get\u00falio Vargas, Travessa Dr. Prisco, Av. Francisco Bernardino, Av. Bar\u00e3o do Rio Branco\u2026<\/p>\n<p>Ponto de parada: Pontos de \u00f4nibus existentes.<\/p>\n<p>&nbsp;<\/p>\n<p><strong>Itiner\u00e1rio sentido Zona Norte\/Bom Pastor:<\/strong><br \/>\nLinhas 646: \u2026Av. Bar\u00e3o do Rio Branco, Rua Roberto de Barros, Rua Jarbas de Lery Santos, Av. Get\u00falio Vargas, Av. Presidente Itamar Franco, Rua Santo Ant\u00f4nio, Rua Rei Alberto, Av. Bar\u00e3o do Rio Branco (pista lateral) &#8230;<br \/>\n<strong>Itiner\u00e1rio sentido Bom Pastor\/Zona Norte:<\/strong><\/p>\n<p>&nbsp;<\/p>\n<p>Linhas 646: &#8230;Av. Bar\u00e3o do Rio Branco (pista lateral), Av. Presidente Itamar Franco, Travessa Dr. Prisco, Av. Francisco Bernardino, Av. Bar\u00e3o do Rio Branco\u2026<\/p>\n<p>Ponto de parada: Pontos de \u00f4nibus existentes.<br \/>\n&nbsp;<\/p>\n","protected":false},"excerpt":{"rendered":"<p>Segundo informa\u00e7\u00f5es do site da Prefeitura de Juiz de Fora (PJF), a\u00a0Avenida Rio Branco receber\u00e1 nesta quinta-feira, 7 de setembro, Dia da Independ\u00eancia do Brasil, o desfile c\u00edvico militar de Juiz de Fora. O desfile ser\u00e1 realizado a partir das 8h30, com percurso partindo da altura da Santa Casa, cruzando a extens\u00e3o da Avenida. Motoristas [&hellip;]<\/p>\n","protected":false},"author":246,"featured_media":217807,"comment_status":"closed","ping_status":"closed","sticky":false,"template":"","format":"standard","meta":{"footnotes":""},"categories":[253,436,439],"tags":[],"class_list":["post-217806","post","type-post","status-publish","format-standard","has-post-thumbnail","hentry","category-cidade","category-destaque-da-semana","category-ultima-hora"],"_links":{"self":[{"href":"https:\/\/diarioregionaldigital.com.br\/index.php?rest_route=\/wp\/v2\/posts\/217806","targetHints":{"allow":["GET"]}}],"collection":[{"href":"https:\/\/diarioregionaldigital.com.br\/index.php?rest_route=\/wp\/v2\/posts"}],"about":[{"href":"https:\/\/diarioregionaldigital.com.br\/index.php?rest_route=\/wp\/v2\/types\/post"}],"author":[{"embeddable":true,"href":"https:\/\/diarioregionaldigital.com.br\/index.php?rest_route=\/wp\/v2\/users\/246"}],"replies":[{"embeddable":true,"href":"https:\/\/diarioregionaldigital.com.br\/index.php?rest_route=%2Fwp%2Fv2%2Fcomments&post=217806"}],"version-history":[{"count":1,"href":"https:\/\/diarioregionaldigital.com.br\/index.php?rest_route=\/wp\/v2\/posts\/217806\/revisions"}],"predecessor-version":[{"id":217808,"href":"https:\/\/diarioregionaldigital.com.br\/index.php?rest_route=\/wp\/v2\/posts\/217806\/revisions\/217808"}],"wp:featuredmedia":[{"embeddable":true,"href":"https:\/\/diarioregionaldigital.com.br\/index.php?rest_route=\/wp\/v2\/media\/217807"}],"wp:attachment":[{"href":"https:\/\/diarioregionaldigital.com.br\/index.php?rest_route=%2Fwp%2Fv2%2Fmedia&parent=217806"}],"wp:term":[{"taxonomy":"category","embeddable":true,"href":"https:\/\/diarioregionaldigital.com.br\/index.php?rest_route=%2Fwp%2Fv2%2Fcategories&post=217806"},{"taxonomy":"post_tag","embeddable":true,"href":"https:\/\/diarioregionaldigital.com.br\/index.php?rest_route=%2Fwp%2Fv2%2Ftags&post=217806"}],"curies":[{"name":"wp","href":"https:\/\/api.w.org\/{rel}","templated":true}]}}