{"id":217803,"date":"2023-09-05T23:57:27","date_gmt":"2023-09-06T02:57:27","guid":{"rendered":"https:\/\/diarioregionaldigital.com.br\/?p=217803"},"modified":"2023-09-05T23:57:27","modified_gmt":"2023-09-06T02:57:27","slug":"projeto-mulheres-que-realizam-promove-segundo-encontro-visando-inclusao-no-mercado-de-trabalho","status":"publish","type":"post","link":"https:\/\/diarioregionaldigital.com.br\/?p=217803","title":{"rendered":"Projeto Mulheres que Realizam promove segundo encontro visando inclus\u00e3o no mercado de trabalho"},"content":{"rendered":"<p>Segundo informa\u00e7\u00f5es do site da Prefeitura de Juiz de Fora (PJF), nesta ter\u00e7a-feira, 5, ocorreu na Casa da Mulher \u201cMaria da Concei\u00e7\u00e3o Lammoglia Jabour\u201d, da Prefeitura de Juiz de Fora (PJF), o segundo encontro do projeto de empregabilidade \u201cMulheres que realizam\u201d. 40 mulheres do munic\u00edpio est\u00e3o participando at\u00e9 o m\u00eas de dezembro de capacita\u00e7\u00f5es para inser\u00e7\u00e3o ou reinser\u00e7\u00e3o no mercado de trabalho. A iniciativa, da Secretaria Especial de Direitos Humanos (SEDH), \u00e9 uma parceria com a empresa especializada em gest\u00e3o de pessoas Rheserva. As reuni\u00f5es mensais s\u00e3o por meio de oficinas, palestras e rodas de conversa, objetivando o resgate da autoestima, das capacidades e das habilidades dessas mulheres, preparando-as para o mercado de trabalho.<\/p>\n<p>Na abertura do encontro, a assessora de pol\u00edticas para as mulheres da SEDH, Samara Miranda, falou sobre a import\u00e2ncia da comunica\u00e7\u00e3o, principalmente a n\u00e3o-verbal, ao analisarmos as atitudes do corpo em rela\u00e7\u00e3o a outra pessoa ou grupo. Como o pr\u00f3prio nome diz, este tipo de comunica\u00e7\u00e3o \u00e9 aquela que acontece sem o uso de palavras faladas ou escritas. Inclui comportamentos como: olhares, gestos, toques, posturas, assim como aspectos f\u00edsicos, como: roupas e acess\u00f3rios.<\/p>\n<p>Nesta segunda capacita\u00e7\u00e3o, a psic\u00f3loga da Rherseva, Samanta Leme, abordou o autoconhecimento para o desenvolvimento dos pontos fortes e a serem desenvolvidos com a aplica\u00e7\u00e3o de testes de personalidade. Nas pr\u00f3ximas etapas ser\u00e3o abordadas oficinas para elabora\u00e7\u00e3o do curr\u00edculo e prepara\u00e7\u00e3o para a entrevista de emprego. Ela adiantou sobre os diferentes tipos de processos seletivos utilizados ultimamente pelas empresas. Ela tamb\u00e9m falou sobre o cuidado com a imagem nas redes sociais que tamb\u00e9m costumam ser avaliadas por algumas companhias.<\/p>\n<p>O pr\u00f3ximo encontro est\u00e1 previsto para o dia 4 de outubro com o feedback dos question\u00e1rios e testes aplicados com o apontamento do perfil ser\u00e1 tamb\u00e9m tra\u00e7ado um breve plano de carreira.<\/p>\n","protected":false},"excerpt":{"rendered":"<p>Segundo informa\u00e7\u00f5es do site da Prefeitura de Juiz de Fora (PJF), nesta ter\u00e7a-feira, 5, ocorreu na Casa da Mulher \u201cMaria da Concei\u00e7\u00e3o Lammoglia Jabour\u201d, da Prefeitura de Juiz de Fora (PJF), o segundo encontro do projeto de empregabilidade \u201cMulheres que realizam\u201d. 40 mulheres do munic\u00edpio est\u00e3o participando at\u00e9 o m\u00eas de dezembro de capacita\u00e7\u00f5es para [&hellip;]<\/p>\n","protected":false},"author":246,"featured_media":217804,"comment_status":"closed","ping_status":"closed","sticky":false,"template":"","format":"standard","meta":{"footnotes":""},"categories":[253,436,439],"tags":[],"class_list":["post-217803","post","type-post","status-publish","format-standard","has-post-thumbnail","hentry","category-cidade","category-destaque-da-semana","category-ultima-hora"],"_links":{"self":[{"href":"https:\/\/diarioregionaldigital.com.br\/index.php?rest_route=\/wp\/v2\/posts\/217803","targetHints":{"allow":["GET"]}}],"collection":[{"href":"https:\/\/diarioregionaldigital.com.br\/index.php?rest_route=\/wp\/v2\/posts"}],"about":[{"href":"https:\/\/diarioregionaldigital.com.br\/index.php?rest_route=\/wp\/v2\/types\/post"}],"author":[{"embeddable":true,"href":"https:\/\/diarioregionaldigital.com.br\/index.php?rest_route=\/wp\/v2\/users\/246"}],"replies":[{"embeddable":true,"href":"https:\/\/diarioregionaldigital.com.br\/index.php?rest_route=%2Fwp%2Fv2%2Fcomments&post=217803"}],"version-history":[{"count":1,"href":"https:\/\/diarioregionaldigital.com.br\/index.php?rest_route=\/wp\/v2\/posts\/217803\/revisions"}],"predecessor-version":[{"id":217805,"href":"https:\/\/diarioregionaldigital.com.br\/index.php?rest_route=\/wp\/v2\/posts\/217803\/revisions\/217805"}],"wp:featuredmedia":[{"embeddable":true,"href":"https:\/\/diarioregionaldigital.com.br\/index.php?rest_route=\/wp\/v2\/media\/217804"}],"wp:attachment":[{"href":"https:\/\/diarioregionaldigital.com.br\/index.php?rest_route=%2Fwp%2Fv2%2Fmedia&parent=217803"}],"wp:term":[{"taxonomy":"category","embeddable":true,"href":"https:\/\/diarioregionaldigital.com.br\/index.php?rest_route=%2Fwp%2Fv2%2Fcategories&post=217803"},{"taxonomy":"post_tag","embeddable":true,"href":"https:\/\/diarioregionaldigital.com.br\/index.php?rest_route=%2Fwp%2Fv2%2Ftags&post=217803"}],"curies":[{"name":"wp","href":"https:\/\/api.w.org\/{rel}","templated":true}]}}