{"id":217800,"date":"2023-09-05T23:47:03","date_gmt":"2023-09-06T02:47:03","guid":{"rendered":"https:\/\/diarioregionaldigital.com.br\/?p=217800"},"modified":"2023-09-05T23:47:03","modified_gmt":"2023-09-06T02:47:03","slug":"veja-como-fica-o-funcionamento-da-pjf-durante-o-feriado-da-independencia-do-brasil","status":"publish","type":"post","link":"https:\/\/diarioregionaldigital.com.br\/?p=217800","title":{"rendered":"Veja como fica o funcionamento da PJF durante o feriado da Independ\u00eancia do Brasil"},"content":{"rendered":"<p>Segundo informa\u00e7\u00f5es do site da Prefeitura de Juiz de Fora (PJF), em fun\u00e7\u00e3o do feriado do dia da Independ\u00eancia do Brasil, na quinta-feira, 7, os servi\u00e7os da Prefeitura de Juiz de Fora (PJF) ter\u00e3o altera\u00e7\u00f5es. Na sexta-feira, 8, haver\u00e1 expediente normal nas reparti\u00e7\u00f5es p\u00fablicas. Confira como fica o funcionamento no feriado:<\/p>\n<p>&nbsp;<\/p>\n<div><strong>Companhia de Saneamento Municipal (Cesama)<\/strong>: A Cesama ir\u00e1 trabalhar em esquema de plant\u00e3o na quinta-feira, 7. Os pedidos podem ser feitos por meio do telefone 115, que funciona 24 horas. Na sexta-feira, o atendimento retorna ao hor\u00e1rio normal.<\/div>\n<p>&nbsp;<\/p>\n<div><strong>Departamento Municipal de Limpeza Urbana (Demlurb):\u00a0<\/strong>O Departamento Municipal de Limpeza Urbana (Demlurb) contar\u00e1 com equipe de varri\u00e7\u00e3o em regime de escala durante o feriado. Al\u00e9m disso, uma equipe estar\u00e1 de plant\u00e3o para atendimento de a\u00e7\u00f5es emergenciais. N\u00e3o haver\u00e1 servi\u00e7o de coleta domiciliar e seletiva e ecopontos.<\/div>\n<p>&nbsp;<\/p>\n<div><strong>Empresa Municipal de Pavimenta\u00e7\u00e3o e Urbanidades (Empav):<\/strong>\u00a0Na quinta-feira, 7, e no s\u00e1bado, 9, a Empav ter\u00e1 equipes de plant\u00e3o em todas as frentes de trabalho do setor operacional para atender \u00e0s demandas que possam surgir e, tamb\u00e9m, dar sequ\u00eancia aos atendimentos de 7h \u00e0s 16h. Sexta-feira, 8, ter\u00e1 expediente normal.<\/div>\n<p>&nbsp;<\/p>\n<div><strong>Guarda Municipal (GM):<\/strong>\u00a0A Guarda atuar\u00e1 no feriado em apoio \u00e0s comemora\u00e7\u00f5es do 7 de setembro, na Central de Monitoramento e Opera\u00e7\u00f5es (CMO) 24h pelo 153 e em rondas preventivas.<\/div>\n<p>&nbsp;<\/p>\n<div><strong>Agentes de Transporte e Tr\u00e2nsito:\u00a0<\/strong>Durante o feriado, as equipes atuam na organiza\u00e7\u00e3o do tr\u00e2nsito durante o fechamento da Av. Rio Branco para o desfile de 7 de Setembro. Durante o feriado os agentes estar\u00e3o de plant\u00e3o e podem ser acionados pelo 2104-7400.<\/div>\n<p>&nbsp;<\/p>\n<div><strong>Defesa Civil:\u00a0<\/strong>A equipe da Defesa Civil estar\u00e1 de plant\u00e3o. Em caso de emerg\u00eancia, disque 199. A Central de Atendimento funciona 24h.<\/div>\n<p>&nbsp;<\/p>\n<div><strong>Mercado Municipal:\u00a0<\/strong>na quinta-feira, 7, funcionar\u00e1 das 8h \u00e0s 12h<\/div>\n<p>&nbsp;<\/p>\n<div><strong>Feiras livres:\u00a0<\/strong>as feiras de quinta-feira, 7, funcionar\u00e3o normalmente.<\/div>\n<p>&nbsp;<\/p>\n<div><strong>Restaurante Popular:\u00a0<\/strong>nesta quinta-feira, 7, funcionar\u00e1 o Projeto Final de Semana sem Fome, com atendimento exclusivo \u00e0s pessoas em situa\u00e7\u00e3o de rua.<\/div>\n<p>&nbsp;<\/p>\n<div><strong>Sa\u00fade:<\/strong>\u00a0Os servi\u00e7os de Urg\u00eancia e Emerg\u00eancia do Pronto Atendimento Infantil (PAI), Regional Leste e Hospital de Pronto Socorro (HPS), bem como a Central de Regula\u00e7\u00e3o de Vagas Hospitalares, permanecem em funcionamento normal 24 horas durante o per\u00edodo. As Unidades B\u00e1sicas de Sa\u00fade (UBS) n\u00e3o funcionam na quinta-feira, 7. As atividades nas UBS\u2019s ser\u00e3o realizadas normalmente na sexta-feira, 8. O Departamento de Sa\u00fade da Mulher, Gestante, Crian\u00e7a e do Adolescente (DSMGCA) e o Servi\u00e7o de Sa\u00fade do Idoso (Sasi) n\u00e3o funcionam na quinta-feira, 7. O Departamento de Sa\u00fade Mental (DESM), o Centro de Aten\u00e7\u00e3o \u00e0 Sa\u00fade Mental (CASM)\/ Centro de Conviv\u00eancia Recriar (CCR), o\u00a0 Centro de Aten\u00e7\u00e3o Psicossocial (CAPS) Leste e CAPS i paralisam os atendimentos na quinta-feira, 7. O CAPS AD e o CAPS Casa Viva funcionam normalmente. O Pam Marechal permanece fechado na quinta, 7. As Vacina\u00e7\u00f5es contra a Covid-19, Influenza e de rotina retornam na sexta-feira, 8, nas UBSs, no DSMGCA e no Sasi, a partir das 8h. Os Centros de Especialidades Odontol\u00f3gicas (CEO) permanecem fechados na quinta, 7. O Pronto Atendimento Odontol\u00f3gico, no HPS, funciona normalmente, 24 horas durante o per\u00edodo.<\/div>\n<p>&nbsp;<\/p>\n<div><strong>Casa da Mulher:\u00a0<\/strong>O centro de refer\u00eancia n\u00e3o funcionar\u00e1 na quinta, retornando o funcionamento normal na sexta, dia 8.<\/div>\n<p>&nbsp;<\/p>\n<div><strong>Assist\u00eancia Social:\u00a0<\/strong>Funcionar\u00e3o normalmente os servi\u00e7os de Casas de Acolhimento, Casas de Passagem e Abordagem Social (3690-7770). Os centros Especializado de Assist\u00eancia Social (Creas) e de Refer\u00eancia de Assist\u00eancia Social (Cras) e Servi\u00e7os de Fortalecimento de V\u00ednculos n\u00e3o funcionar\u00e3o na quinta, retornando o funcionamento normal na sexta, dia 8.<\/div>\n<p>&nbsp;<\/p>\n<div><strong>Conselhos Tutelares:<\/strong>\u00a0Funcionar\u00e3o em esquema de plant\u00e3o, pelos telefones: Sul\/Oeste: 98431-4793 Centro\/Norte: 98429-4740; Leste: 98463-0980.<\/div>\n<p>&nbsp;<\/p>\n<div><strong>Funalfa:\u00a0<\/strong>O Centro de Artes e Esportes Unificados (Pra\u00e7a CEU) funcionar\u00e1 das 10h \u00e0s 18h. O Museu Ferrovi\u00e1rio permanece aberto das 9h \u00e0s 17h. O Pa\u00e7o Municipal, Anfiteatro Jo\u00e3o Carri\u00e7o, Dnar Rocha, Biblioteca Municipal Murilo Mendes, Casa de Leitura Delfina Fonseca Lima, Centro Cultural Bernardo Mascarenhas e Teatro Paschoal Carlos Magno permanecem fechados durante o feriado.<\/div>\n<p>&nbsp;<\/p>\n<div><strong>Parque Municipal:\u00a0<\/strong>O local funcionar\u00e1 normalmente na quinta-feira, 7, das 8h \u00e0s 17h, com entrada permitida at\u00e9 16h.<\/div>\n<p>&nbsp;<\/p>\n<div><strong>Museu Mariano Proc\u00f3pio:<\/strong>\u00a0Tanto o parque quanto o museu funcionam normalmente na quinta-feira, das 10h30 \u00e0s 16h. Na sexta-feira, volta ao funcionamento normal das 9h \u00e0s 16h.<\/div>\n<p>&nbsp;<\/p>\n<div><strong>Espa\u00e7o Cidade:<\/strong>\u00a0Funcionar\u00e1 na quinta-feira, 7, das 10h \u00e0s 14h.<\/div>\n<p>&nbsp;<\/p>\n<div><strong>Parque da Lajinha:\u00a0<\/strong>O Parque da Lajinha funcionar\u00e1 na quinta-feira, 7, normalmente, das 8h \u00e0s 17h, com entrada permitida at\u00e9 16h30.<\/div>\n<p>&nbsp;<\/p>\n<div><strong>Departamento de Atendimento ao Cidad\u00e3o:\u00a0<\/strong>o DAC n\u00e3o funciona nos feriados. Atendimento normal na sexta-feira, 8.<\/div>\n<p>&nbsp;<\/p>\n<div><strong>Ag\u00eancia de Prote\u00e7\u00e3o e Defesa do Consumidor (Procon)<\/strong>: o Procon n\u00e3o funcionar\u00e1 no feriado da quinta-feira, 7. Na sexta-feira, 8, o atendimento ser\u00e1 normal.<\/div>\n","protected":false},"excerpt":{"rendered":"<p>Segundo informa\u00e7\u00f5es do site da Prefeitura de Juiz de Fora (PJF), em fun\u00e7\u00e3o do feriado do dia da Independ\u00eancia do Brasil, na quinta-feira, 7, os servi\u00e7os da Prefeitura de Juiz de Fora (PJF) ter\u00e3o altera\u00e7\u00f5es. Na sexta-feira, 8, haver\u00e1 expediente normal nas reparti\u00e7\u00f5es p\u00fablicas. Confira como fica o funcionamento no feriado: &nbsp; Companhia de Saneamento [&hellip;]<\/p>\n","protected":false},"author":246,"featured_media":217801,"comment_status":"closed","ping_status":"closed","sticky":false,"template":"","format":"standard","meta":{"footnotes":""},"categories":[253,436,440,439],"tags":[],"class_list":["post-217800","post","type-post","status-publish","format-standard","has-post-thumbnail","hentry","category-cidade","category-destaque-da-semana","category-destaques-do-dia","category-ultima-hora"],"_links":{"self":[{"href":"https:\/\/diarioregionaldigital.com.br\/index.php?rest_route=\/wp\/v2\/posts\/217800","targetHints":{"allow":["GET"]}}],"collection":[{"href":"https:\/\/diarioregionaldigital.com.br\/index.php?rest_route=\/wp\/v2\/posts"}],"about":[{"href":"https:\/\/diarioregionaldigital.com.br\/index.php?rest_route=\/wp\/v2\/types\/post"}],"author":[{"embeddable":true,"href":"https:\/\/diarioregionaldigital.com.br\/index.php?rest_route=\/wp\/v2\/users\/246"}],"replies":[{"embeddable":true,"href":"https:\/\/diarioregionaldigital.com.br\/index.php?rest_route=%2Fwp%2Fv2%2Fcomments&post=217800"}],"version-history":[{"count":1,"href":"https:\/\/diarioregionaldigital.com.br\/index.php?rest_route=\/wp\/v2\/posts\/217800\/revisions"}],"predecessor-version":[{"id":217802,"href":"https:\/\/diarioregionaldigital.com.br\/index.php?rest_route=\/wp\/v2\/posts\/217800\/revisions\/217802"}],"wp:featuredmedia":[{"embeddable":true,"href":"https:\/\/diarioregionaldigital.com.br\/index.php?rest_route=\/wp\/v2\/media\/217801"}],"wp:attachment":[{"href":"https:\/\/diarioregionaldigital.com.br\/index.php?rest_route=%2Fwp%2Fv2%2Fmedia&parent=217800"}],"wp:term":[{"taxonomy":"category","embeddable":true,"href":"https:\/\/diarioregionaldigital.com.br\/index.php?rest_route=%2Fwp%2Fv2%2Fcategories&post=217800"},{"taxonomy":"post_tag","embeddable":true,"href":"https:\/\/diarioregionaldigital.com.br\/index.php?rest_route=%2Fwp%2Fv2%2Ftags&post=217800"}],"curies":[{"name":"wp","href":"https:\/\/api.w.org\/{rel}","templated":true}]}}